{"id":21218,"date":"2017-06-25T14:55:22","date_gmt":"2017-06-25T12:55:22","guid":{"rendered":"https:\/\/www.cortijoelpuerto.com\/soil-preservation-day\/"},"modified":"2025-07-01T10:56:37","modified_gmt":"2025-07-01T08:56:37","slug":"soil-preservation-day","status":"publish","type":"post","link":"https:\/\/www.cortijoelpuerto.com\/en\/soil-preservation-day\/","title":{"rendered":"Soil Preservation Day"},"content":{"rendered":"<div id=\"attachment_7441\" style=\"width: 2523px\" class=\"wp-caption alignnone\"><img loading=\"lazy\" decoding=\"async\" aria-describedby=\"caption-attachment-7441\" class=\"size-full wp-image-7441\" src=\"https:\/\/www.cortijoelpuerto.com\/wp-content\/uploads\/2025\/07\/Post-Soil-Preservation-Day.jpg\" alt=\"\" width=\"2513\" height=\"1885\" \/><p id=\"caption-attachment-7441\" class=\"wp-caption-text\"><em><span style=\"color: #999999;\">Our CEO Enrique de la Torre Li\u00e9bana explaining the different strategies that we carry out to preserve biodiversity and soil in our ecological farm, Cortijo el Puerto.<\/span><\/em><\/p><\/div>\n<p><span style=\"color: #999999;\">Cortijo el Puerto participated in the 4th edition of Soil Day, The seminars were organised by the Institute of Sustainable Agriculture, the University of C\u00f3rdoba and the Environmental Management Institute of C\u00f3rdoba (IMGEMA) in the C\u00f3rdoba Royal Botanical Garden.<\/span><br \/>\n<span style=\"color: #999999;\">Participants as speakers: Jos\u00e9 Ram\u00f3n Guzm\u00e1n (Technical Advisor of the Ministry of Environment and Spatial Planning), Jos\u00e9 Lu\u00eds Gonz\u00e1lez Rebollar (Researcher at the Zaid\u00edn Experimental Station,<span style=\"color: #0000ff;\"> <a style=\"color: #0000ff;\" href=\"http:\/\/www.csic.es\/home\">CSIC<\/a><\/span>, Spanish National Research Council) Susanne Schnabel (Universidad de Extremadura), Fernando Ortega Alegre (Head of Geodiversity and Biodiversity Service) and our CEO Enrique de la Torre Li\u00e9bana, who explained, the different strategies that we carry out to preserve biodiversity and soil in our ecological farm, Cortijo el Puerto.<img loading=\"lazy\" decoding=\"async\" class=\"alignnone size-full wp-image-7444\" src=\"https:\/\/www.cortijoelpuerto.com\/wp-content\/uploads\/2025\/07\/Post-Soil-Preservation-day-sponsorship2.jpg\" alt=\"\" width=\"979\" height=\"1392\" \/><\/span><\/p>\n","protected":false},"excerpt":{"rendered":"<p>Cortijo el Puerto participated in the 4th edition of Soil Day, The seminars were organised by the Institute of Sustainable Agriculture, the University of C\u00f3rdoba and the Environmental Management Institute of C\u00f3rdoba (IMGEMA) in the C\u00f3rdoba Royal Botanical Garden. Participants as speakers: Jos\u00e9 Ram\u00f3n Guzm\u00e1n (Technical Advisor of the Ministry of Environment and Spatial Planning), [&hellip;]<\/p>\n","protected":false},"author":1,"featured_media":19259,"comment_status":"closed","ping_status":"closed","sticky":false,"template":"","format":"standard","meta":{"_et_pb_use_builder":"","_et_pb_old_content":"","_et_gb_content_width":"","footnotes":""},"categories":[514,499],"tags":[515,516,517,504,518,519,520,521,203,522],"class_list":["post-21218","post","type-post","status-publish","format-standard","has-post-thumbnail","hentry","category-committed-to-the-environment","category-news-and-events","tag-biodiversity","tag-ecosystem-and-habitat-at-cortijo-el-puerto","tag-instituto-municipal-de-gestion-medioambiental-de-cordoba-ingema-environmental-management","tag-precision-agriculture-in-organic-production","tag-royal-botanic-gardens-cordova","tag-royal-botanic-gardens-cordova-spain","tag-soil-preservation-day","tag-spanish-national-research-council-csic-agricultural-sciences","tag-universidad-de-cordoba","tag-vegetation-cover"],"yoast_head":"<!-- This site is optimized with the Yoast SEO plugin v27.4 - https:\/\/yoast.com\/product\/yoast-seo-wordpress\/ -->\n<title>Soil Preservation Day - Cortijo el Puerto 100% Ecol\u00f3gico y Biodin\u00e1mico<\/title>\n<meta name=\"robots\" content=\"index, follow, max-snippet:-1, max-image-preview:large, max-video-preview:-1\" \/>\n<link rel=\"canonical\" href=\"https:\/\/www.cortijoelpuerto.com\/en\/soil-preservation-day\/\" \/>\n<meta property=\"og:locale\" content=\"en_US\" \/>\n<meta property=\"og:type\" content=\"article\" \/>\n<meta property=\"og:title\" content=\"Soil Preservation Day - Cortijo el Puerto 100% Ecol\u00f3gico y Biodin\u00e1mico\" \/>\n<meta property=\"og:description\" content=\"Cortijo el Puerto participated in the 4th edition of Soil Day, The seminars were organised by the Institute of Sustainable Agriculture, the University of C\u00f3rdoba and the Environmental Management Institute of C\u00f3rdoba (IMGEMA) in the C\u00f3rdoba Royal Botanical Garden. Participants as speakers: Jos\u00e9 Ram\u00f3n Guzm\u00e1n (Technical Advisor of the Ministry of Environment and Spatial Planning), [&hellip;]\" \/>\n<meta property=\"og:url\" content=\"https:\/\/www.cortijoelpuerto.com\/en\/soil-preservation-day\/\" \/>\n<meta property=\"og:site_name\" content=\"Cortijo el Puerto 100% Ecol\u00f3gico y Biodin\u00e1mico\" \/>\n<meta property=\"article:published_time\" content=\"2017-06-25T12:55:22+00:00\" \/>\n<meta property=\"article:modified_time\" content=\"2025-07-01T08:56:37+00:00\" \/>\n<meta property=\"og:image\" content=\"https:\/\/www.cortijoelpuerto.com\/wp-content\/uploads\/2025\/06\/21-1.jpg\" \/>\n\t<meta property=\"og:image:width\" content=\"2513\" \/>\n\t<meta property=\"og:image:height\" content=\"1885\" \/>\n\t<meta property=\"og:image:type\" content=\"image\/jpeg\" \/>\n<meta name=\"author\" content=\"cortpuertadmin\" \/>\n<meta name=\"twitter:card\" content=\"summary_large_image\" \/>\n<meta name=\"twitter:label1\" content=\"Written by\" \/>\n\t<meta name=\"twitter:data1\" content=\"cortpuertadmin\" \/>\n\t<meta name=\"twitter:label2\" content=\"Est. reading time\" \/>\n\t<meta name=\"twitter:data2\" content=\"1 minute\" \/>\n<script type=\"application\/ld+json\" class=\"yoast-schema-graph\">{\"@context\":\"https:\\\/\\\/schema.org\",\"@graph\":[{\"@type\":\"Article\",\"@id\":\"https:\\\/\\\/www.cortijoelpuerto.com\\\/en\\\/soil-preservation-day\\\/#article\",\"isPartOf\":{\"@id\":\"https:\\\/\\\/www.cortijoelpuerto.com\\\/en\\\/soil-preservation-day\\\/\"},\"author\":{\"name\":\"cortpuertadmin\",\"@id\":\"https:\\\/\\\/www.cortijoelpuerto.com\\\/en\\\/#\\\/schema\\\/person\\\/73ba7185813001a8d176886f4153ca2d\"},\"headline\":\"Soil Preservation Day\",\"datePublished\":\"2017-06-25T12:55:22+00:00\",\"dateModified\":\"2025-07-01T08:56:37+00:00\",\"mainEntityOfPage\":{\"@id\":\"https:\\\/\\\/www.cortijoelpuerto.com\\\/en\\\/soil-preservation-day\\\/\"},\"wordCount\":160,\"image\":{\"@id\":\"https:\\\/\\\/www.cortijoelpuerto.com\\\/en\\\/soil-preservation-day\\\/#primaryimage\"},\"thumbnailUrl\":\"https:\\\/\\\/www.cortijoelpuerto.com\\\/wp-content\\\/uploads\\\/2025\\\/06\\\/21-1.jpg\",\"keywords\":[\"Biodiversity\",\"Ecosystem and habitat at Cortijo el Puerto\",\"Instituto Municipal de Gesti\u00f3n Medioambiental de C\u00f3rdoba (INGEMA). Environmental Management\",\"Precision Agriculture in Organic Production\",\"Royal Botanic Gardens (Cordova\",\"Royal Botanic Gardens (Cordova, Spain)\",\"Soil Preservation Day\",\"Spanish National Research Council (CSIC). Agricultural Sciences\",\"Universidad de C\u00f3rdoba\",\"Vegetation cover\"],\"articleSection\":[\"COMMITTED TO THE ENVIRONMENT\",\"NEWS AND EVENTS\"],\"inLanguage\":\"en-US\"},{\"@type\":\"WebPage\",\"@id\":\"https:\\\/\\\/www.cortijoelpuerto.com\\\/en\\\/soil-preservation-day\\\/\",\"url\":\"https:\\\/\\\/www.cortijoelpuerto.com\\\/en\\\/soil-preservation-day\\\/\",\"name\":\"Soil Preservation Day - Cortijo el Puerto 100% Ecol\u00f3gico y Biodin\u00e1mico\",\"isPartOf\":{\"@id\":\"https:\\\/\\\/www.cortijoelpuerto.com\\\/en\\\/#website\"},\"primaryImageOfPage\":{\"@id\":\"https:\\\/\\\/www.cortijoelpuerto.com\\\/en\\\/soil-preservation-day\\\/#primaryimage\"},\"image\":{\"@id\":\"https:\\\/\\\/www.cortijoelpuerto.com\\\/en\\\/soil-preservation-day\\\/#primaryimage\"},\"thumbnailUrl\":\"https:\\\/\\\/www.cortijoelpuerto.com\\\/wp-content\\\/uploads\\\/2025\\\/06\\\/21-1.jpg\",\"datePublished\":\"2017-06-25T12:55:22+00:00\",\"dateModified\":\"2025-07-01T08:56:37+00:00\",\"author\":{\"@id\":\"https:\\\/\\\/www.cortijoelpuerto.com\\\/en\\\/#\\\/schema\\\/person\\\/73ba7185813001a8d176886f4153ca2d\"},\"breadcrumb\":{\"@id\":\"https:\\\/\\\/www.cortijoelpuerto.com\\\/en\\\/soil-preservation-day\\\/#breadcrumb\"},\"inLanguage\":\"en-US\",\"potentialAction\":[{\"@type\":\"ReadAction\",\"target\":[\"https:\\\/\\\/www.cortijoelpuerto.com\\\/en\\\/soil-preservation-day\\\/\"]}]},{\"@type\":\"ImageObject\",\"inLanguage\":\"en-US\",\"@id\":\"https:\\\/\\\/www.cortijoelpuerto.com\\\/en\\\/soil-preservation-day\\\/#primaryimage\",\"url\":\"https:\\\/\\\/www.cortijoelpuerto.com\\\/wp-content\\\/uploads\\\/2025\\\/06\\\/21-1.jpg\",\"contentUrl\":\"https:\\\/\\\/www.cortijoelpuerto.com\\\/wp-content\\\/uploads\\\/2025\\\/06\\\/21-1.jpg\",\"width\":2513,\"height\":1885},{\"@type\":\"BreadcrumbList\",\"@id\":\"https:\\\/\\\/www.cortijoelpuerto.com\\\/en\\\/soil-preservation-day\\\/#breadcrumb\",\"itemListElement\":[{\"@type\":\"ListItem\",\"position\":1,\"name\":\"Portada\",\"item\":\"https:\\\/\\\/www.cortijoelpuerto.com\\\/en\\\/\"},{\"@type\":\"ListItem\",\"position\":2,\"name\":\"Soil Preservation Day\"}]},{\"@type\":\"WebSite\",\"@id\":\"https:\\\/\\\/www.cortijoelpuerto.com\\\/en\\\/#website\",\"url\":\"https:\\\/\\\/www.cortijoelpuerto.com\\\/en\\\/\",\"name\":\"Cortijo el Puerto 100% Ecol\u00f3gico y Biodin\u00e1mico\",\"description\":\"\",\"potentialAction\":[{\"@type\":\"SearchAction\",\"target\":{\"@type\":\"EntryPoint\",\"urlTemplate\":\"https:\\\/\\\/www.cortijoelpuerto.com\\\/en\\\/?s={search_term_string}\"},\"query-input\":{\"@type\":\"PropertyValueSpecification\",\"valueRequired\":true,\"valueName\":\"search_term_string\"}}],\"inLanguage\":\"en-US\"},{\"@type\":\"Person\",\"@id\":\"https:\\\/\\\/www.cortijoelpuerto.com\\\/en\\\/#\\\/schema\\\/person\\\/73ba7185813001a8d176886f4153ca2d\",\"name\":\"cortpuertadmin\",\"image\":{\"@type\":\"ImageObject\",\"inLanguage\":\"en-US\",\"@id\":\"https:\\\/\\\/secure.gravatar.com\\\/avatar\\\/5d655c060725b194267bd40743963013959f94651381febb318b850a1e023ca8?s=96&d=mm&r=g\",\"url\":\"https:\\\/\\\/secure.gravatar.com\\\/avatar\\\/5d655c060725b194267bd40743963013959f94651381febb318b850a1e023ca8?s=96&d=mm&r=g\",\"contentUrl\":\"https:\\\/\\\/secure.gravatar.com\\\/avatar\\\/5d655c060725b194267bd40743963013959f94651381febb318b850a1e023ca8?s=96&d=mm&r=g\",\"caption\":\"cortpuertadmin\"},\"sameAs\":[\"https:\\\/\\\/cortijoelpuerto.com\\\/nuevaweb\"],\"url\":\"https:\\\/\\\/www.cortijoelpuerto.com\\\/en\\\/author\\\/cortpuertadmin\\\/\"}]}<\/script>\n<!-- \/ Yoast SEO plugin. -->","yoast_head_json":{"title":"Soil Preservation Day - Cortijo el Puerto 100% Ecol\u00f3gico y Biodin\u00e1mico","robots":{"index":"index","follow":"follow","max-snippet":"max-snippet:-1","max-image-preview":"max-image-preview:large","max-video-preview":"max-video-preview:-1"},"canonical":"https:\/\/www.cortijoelpuerto.com\/en\/soil-preservation-day\/","og_locale":"en_US","og_type":"article","og_title":"Soil Preservation Day - Cortijo el Puerto 100% Ecol\u00f3gico y Biodin\u00e1mico","og_description":"Cortijo el Puerto participated in the 4th edition of Soil Day, The seminars were organised by the Institute of Sustainable Agriculture, the University of C\u00f3rdoba and the Environmental Management Institute of C\u00f3rdoba (IMGEMA) in the C\u00f3rdoba Royal Botanical Garden. Participants as speakers: Jos\u00e9 Ram\u00f3n Guzm\u00e1n (Technical Advisor of the Ministry of Environment and Spatial Planning), [&hellip;]","og_url":"https:\/\/www.cortijoelpuerto.com\/en\/soil-preservation-day\/","og_site_name":"Cortijo el Puerto 100% Ecol\u00f3gico y Biodin\u00e1mico","article_published_time":"2017-06-25T12:55:22+00:00","article_modified_time":"2025-07-01T08:56:37+00:00","og_image":[{"width":2513,"height":1885,"url":"https:\/\/www.cortijoelpuerto.com\/wp-content\/uploads\/2025\/06\/21-1.jpg","type":"image\/jpeg"}],"author":"cortpuertadmin","twitter_card":"summary_large_image","twitter_misc":{"Written by":"cortpuertadmin","Est. reading time":"1 minute"},"schema":{"@context":"https:\/\/schema.org","@graph":[{"@type":"Article","@id":"https:\/\/www.cortijoelpuerto.com\/en\/soil-preservation-day\/#article","isPartOf":{"@id":"https:\/\/www.cortijoelpuerto.com\/en\/soil-preservation-day\/"},"author":{"name":"cortpuertadmin","@id":"https:\/\/www.cortijoelpuerto.com\/en\/#\/schema\/person\/73ba7185813001a8d176886f4153ca2d"},"headline":"Soil Preservation Day","datePublished":"2017-06-25T12:55:22+00:00","dateModified":"2025-07-01T08:56:37+00:00","mainEntityOfPage":{"@id":"https:\/\/www.cortijoelpuerto.com\/en\/soil-preservation-day\/"},"wordCount":160,"image":{"@id":"https:\/\/www.cortijoelpuerto.com\/en\/soil-preservation-day\/#primaryimage"},"thumbnailUrl":"https:\/\/www.cortijoelpuerto.com\/wp-content\/uploads\/2025\/06\/21-1.jpg","keywords":["Biodiversity","Ecosystem and habitat at Cortijo el Puerto","Instituto Municipal de Gesti\u00f3n Medioambiental de C\u00f3rdoba (INGEMA). Environmental Management","Precision Agriculture in Organic Production","Royal Botanic Gardens (Cordova","Royal Botanic Gardens (Cordova, Spain)","Soil Preservation Day","Spanish National Research Council (CSIC). Agricultural Sciences","Universidad de C\u00f3rdoba","Vegetation cover"],"articleSection":["COMMITTED TO THE ENVIRONMENT","NEWS AND EVENTS"],"inLanguage":"en-US"},{"@type":"WebPage","@id":"https:\/\/www.cortijoelpuerto.com\/en\/soil-preservation-day\/","url":"https:\/\/www.cortijoelpuerto.com\/en\/soil-preservation-day\/","name":"Soil Preservation Day - Cortijo el Puerto 100% Ecol\u00f3gico y Biodin\u00e1mico","isPartOf":{"@id":"https:\/\/www.cortijoelpuerto.com\/en\/#website"},"primaryImageOfPage":{"@id":"https:\/\/www.cortijoelpuerto.com\/en\/soil-preservation-day\/#primaryimage"},"image":{"@id":"https:\/\/www.cortijoelpuerto.com\/en\/soil-preservation-day\/#primaryimage"},"thumbnailUrl":"https:\/\/www.cortijoelpuerto.com\/wp-content\/uploads\/2025\/06\/21-1.jpg","datePublished":"2017-06-25T12:55:22+00:00","dateModified":"2025-07-01T08:56:37+00:00","author":{"@id":"https:\/\/www.cortijoelpuerto.com\/en\/#\/schema\/person\/73ba7185813001a8d176886f4153ca2d"},"breadcrumb":{"@id":"https:\/\/www.cortijoelpuerto.com\/en\/soil-preservation-day\/#breadcrumb"},"inLanguage":"en-US","potentialAction":[{"@type":"ReadAction","target":["https:\/\/www.cortijoelpuerto.com\/en\/soil-preservation-day\/"]}]},{"@type":"ImageObject","inLanguage":"en-US","@id":"https:\/\/www.cortijoelpuerto.com\/en\/soil-preservation-day\/#primaryimage","url":"https:\/\/www.cortijoelpuerto.com\/wp-content\/uploads\/2025\/06\/21-1.jpg","contentUrl":"https:\/\/www.cortijoelpuerto.com\/wp-content\/uploads\/2025\/06\/21-1.jpg","width":2513,"height":1885},{"@type":"BreadcrumbList","@id":"https:\/\/www.cortijoelpuerto.com\/en\/soil-preservation-day\/#breadcrumb","itemListElement":[{"@type":"ListItem","position":1,"name":"Portada","item":"https:\/\/www.cortijoelpuerto.com\/en\/"},{"@type":"ListItem","position":2,"name":"Soil Preservation Day"}]},{"@type":"WebSite","@id":"https:\/\/www.cortijoelpuerto.com\/en\/#website","url":"https:\/\/www.cortijoelpuerto.com\/en\/","name":"Cortijo el Puerto 100% Ecol\u00f3gico y Biodin\u00e1mico","description":"","potentialAction":[{"@type":"SearchAction","target":{"@type":"EntryPoint","urlTemplate":"https:\/\/www.cortijoelpuerto.com\/en\/?s={search_term_string}"},"query-input":{"@type":"PropertyValueSpecification","valueRequired":true,"valueName":"search_term_string"}}],"inLanguage":"en-US"},{"@type":"Person","@id":"https:\/\/www.cortijoelpuerto.com\/en\/#\/schema\/person\/73ba7185813001a8d176886f4153ca2d","name":"cortpuertadmin","image":{"@type":"ImageObject","inLanguage":"en-US","@id":"https:\/\/secure.gravatar.com\/avatar\/5d655c060725b194267bd40743963013959f94651381febb318b850a1e023ca8?s=96&d=mm&r=g","url":"https:\/\/secure.gravatar.com\/avatar\/5d655c060725b194267bd40743963013959f94651381febb318b850a1e023ca8?s=96&d=mm&r=g","contentUrl":"https:\/\/secure.gravatar.com\/avatar\/5d655c060725b194267bd40743963013959f94651381febb318b850a1e023ca8?s=96&d=mm&r=g","caption":"cortpuertadmin"},"sameAs":["https:\/\/cortijoelpuerto.com\/nuevaweb"],"url":"https:\/\/www.cortijoelpuerto.com\/en\/author\/cortpuertadmin\/"}]}},"_links":{"self":[{"href":"https:\/\/www.cortijoelpuerto.com\/en\/wp-json\/wp\/v2\/posts\/21218","targetHints":{"allow":["GET"]}}],"collection":[{"href":"https:\/\/www.cortijoelpuerto.com\/en\/wp-json\/wp\/v2\/posts"}],"about":[{"href":"https:\/\/www.cortijoelpuerto.com\/en\/wp-json\/wp\/v2\/types\/post"}],"author":[{"embeddable":true,"href":"https:\/\/www.cortijoelpuerto.com\/en\/wp-json\/wp\/v2\/users\/1"}],"replies":[{"embeddable":true,"href":"https:\/\/www.cortijoelpuerto.com\/en\/wp-json\/wp\/v2\/comments?post=21218"}],"version-history":[{"count":0,"href":"https:\/\/www.cortijoelpuerto.com\/en\/wp-json\/wp\/v2\/posts\/21218\/revisions"}],"wp:featuredmedia":[{"embeddable":true,"href":"https:\/\/www.cortijoelpuerto.com\/en\/wp-json\/wp\/v2\/media\/19259"}],"wp:attachment":[{"href":"https:\/\/www.cortijoelpuerto.com\/en\/wp-json\/wp\/v2\/media?parent=21218"}],"wp:term":[{"taxonomy":"category","embeddable":true,"href":"https:\/\/www.cortijoelpuerto.com\/en\/wp-json\/wp\/v2\/categories?post=21218"},{"taxonomy":"post_tag","embeddable":true,"href":"https:\/\/www.cortijoelpuerto.com\/en\/wp-json\/wp\/v2\/tags?post=21218"}],"curies":[{"name":"wp","href":"https:\/\/api.w.org\/{rel}","templated":true}]}}