{"id":21225,"date":"2017-05-10T11:16:54","date_gmt":"2017-05-10T09:16:54","guid":{"rendered":"https:\/\/www.cortijoelpuerto.com\/extenda-and-ifapa-de-cabra-visit-our-farm-cortijo-el-puerto\/"},"modified":"2025-07-01T10:56:38","modified_gmt":"2025-07-01T08:56:38","slug":"extenda-and-ifapa-de-cabra-visit-our-farm-cortijo-el-puerto","status":"publish","type":"post","link":"https:\/\/www.cortijoelpuerto.com\/en\/extenda-and-ifapa-de-cabra-visit-our-farm-cortijo-el-puerto\/","title":{"rendered":"Extenda and IFAPA de Cabra visit our farm, Cortijo el Puerto"},"content":{"rendered":"<h6 style=\"text-align: justify;\"><span style=\"color: #999999;\">Cortijo el Puerto welcomes the <span style=\"color: #0000ff;\"><a style=\"color: #0000ff;\" href=\"https:\/\/www.extenda.es\/web\/opencms\/\">Andalusian Trade Promotion Agency\u00a0\u00a0<\/a><\/span> and the Agricultural Training Research Centre of Cabra<\/span>, <span style=\"color: #999999;\">C\u00f3rdoba. Benito M\u00e1rquez<em> (Extenda)<\/em>, led and accompanied a group of sixteen foreign companies from Peru, Chile, Morocco, Algeria, Tunisia, South Africa and Turkey, including oil producers, importers and distributors of products from the olive grove industry, and some institution of the sector. We were also accompanied by our friends great supporters and catalyst for EVOO culture in the US and Japan Alexis Kerner and Tomiko Tanaka. During the visit, all of them were able to know firsthand how we work, our hedgerow system, R &amp; D (<em>Research and Development<\/em>) plantations based on ecological techniques and precision agriculture applied to almond trees and olive grove, and how we promote biodiversity and soil quality.<\/span><img loading=\"lazy\" decoding=\"async\" class=\"aligncenter wp-image-3628\" src=\"https:\/\/www.cortijoelpuerto.com\/wp-content\/uploads\/2025\/06\/Cortijo-el-Puerto-Visita-Extenda-Ifapa-1.jpeg\" alt=\"Cortijo el Puerto Visita Extenda Ifapa\" width=\"600\" height=\"399\" \/><br \/>\n<img loading=\"lazy\" decoding=\"async\" class=\"aligncenter wp-image-3629\" src=\"https:\/\/www.cortijoelpuerto.com\/wp-content\/uploads\/2025\/06\/Cortijo-el-Puerto-Visita-1a.jpeg\" alt=\"Cortijo el Puerto Visita 1a\" width=\"600\" height=\"399\" \/><\/h6>\n<h6 style=\"text-align: justify;\"><img loading=\"lazy\" decoding=\"async\" class=\"aligncenter wp-image-3631\" src=\"https:\/\/www.cortijoelpuerto.com\/wp-content\/uploads\/2025\/06\/Cortijo-el-Puerto-Visita-5.jpeg\" alt=\"Cortijo el Puerto Visita 5\" width=\"603\" height=\"401\" \/><\/h6>\n<h6 style=\"text-align: justify;\"><span lang=\"en\" style=\"color: #999999;\">We were also accompanied by our friends and great broadcaster of the EVOO culture Alexis Kerner (USA) and Tomiko Tanaka (Japan).<\/span><\/h6>\n<h6 style=\"text-align: justify;\"><img loading=\"lazy\" decoding=\"async\" class=\"aligncenter wp-image-3632\" src=\"https:\/\/www.cortijoelpuerto.com\/wp-content\/uploads\/2025\/06\/Cortijo-el-Puerto-Visita-12.jpeg\" alt=\"Cortijo el Puerto Visita 12\" width=\"600\" height=\"399\" \/><img loading=\"lazy\" decoding=\"async\" class=\"aligncenter wp-image-3633\" src=\"https:\/\/www.cortijoelpuerto.com\/wp-content\/uploads\/2025\/06\/Cortijo-el-Puerto-Visita-4.jpeg\" alt=\"Cortijo el Puerto Visita 4\" width=\"600\" height=\"399\" \/><\/h6>\n<h6 style=\"text-align: justify;\"><img loading=\"lazy\" decoding=\"async\" class=\"aligncenter wp-image-3634\" src=\"https:\/\/www.cortijoelpuerto.com\/wp-content\/uploads\/2025\/06\/Cortijo-el-Puerto-Visita-15.jpeg\" alt=\"Cortijo el Puerto Visita 15\" width=\"603\" height=\"401\" \/><\/h6>\n<h6 style=\"text-align: justify;\"><img loading=\"lazy\" decoding=\"async\" class=\"aligncenter wp-image-3635\" src=\"https:\/\/www.cortijoelpuerto.com\/wp-content\/uploads\/2025\/06\/Cortijo-el-Puerto-Visita-13.jpeg\" alt=\"Cortijo el Puerto Visita 13\" width=\"600\" height=\"399\" \/><span style=\"color: #999999;\">We hope you <span lang=\"en\">have enjoyed the visit!<\/span><\/span><\/h6>\n","protected":false},"excerpt":{"rendered":"<p>Cortijo el Puerto welcomes the Andalusian Trade Promotion Agency\u00a0\u00a0 and the Agricultural Training Research Centre of Cabra, C\u00f3rdoba. Benito M\u00e1rquez (Extenda), led and accompanied a group of sixteen foreign companies from Peru, Chile, Morocco, Algeria, Tunisia, South Africa and Turkey, including oil producers, importers and distributors of products from the olive grove industry, and some [&hellip;]<\/p>\n","protected":false},"author":1,"featured_media":19246,"comment_status":"closed","ping_status":"closed","sticky":false,"template":"","format":"standard","meta":{"_et_pb_use_builder":"","_et_pb_old_content":"","_et_gb_content_width":"","footnotes":""},"categories":[514],"tags":[536,537,191,538,192,52,539,516,540,508,542,543,198,541,522],"class_list":["post-21225","post","type-post","status-publish","format-standard","has-post-thumbnail","hentry","category-committed-to-the-environment","tag-agricultural-training-research-center-ifapa-cabra","tag-agricultural-training-research-center-ifapa-cabra-cordoba-spain","tag-alexis-kerner","tag-auxiliary-and-secondary-fauna","tag-benito-marquez-extenda","tag-brigida-jimenez","tag-cordoba","tag-ecosystem-and-habitat-at-cortijo-el-puerto","tag-extenda-andalusian-trade-promotion-agency","tag-finca-cortijo-el-puerto-lora-del-rio-seville","tag-internalisaction","tag-organic-olive-grove","tag-tomiko-tanaka","tag-training","tag-vegetation-cover"],"yoast_head":"<!-- This site is optimized with the Yoast SEO plugin v27.4 - https:\/\/yoast.com\/product\/yoast-seo-wordpress\/ -->\n<title>Extenda and IFAPA de Cabra visit our farm, Cortijo el Puerto - Cortijo el Puerto 100% Ecol\u00f3gico y Biodin\u00e1mico<\/title>\n<meta name=\"robots\" content=\"index, follow, max-snippet:-1, max-image-preview:large, max-video-preview:-1\" \/>\n<link rel=\"canonical\" href=\"https:\/\/www.cortijoelpuerto.com\/en\/extenda-and-ifapa-de-cabra-visit-our-farm-cortijo-el-puerto\/\" \/>\n<meta property=\"og:locale\" content=\"en_US\" \/>\n<meta property=\"og:type\" content=\"article\" \/>\n<meta property=\"og:title\" content=\"Extenda and IFAPA de Cabra visit our farm, Cortijo el Puerto - Cortijo el Puerto 100% Ecol\u00f3gico y Biodin\u00e1mico\" \/>\n<meta property=\"og:description\" content=\"Cortijo el Puerto welcomes the Andalusian Trade Promotion Agency\u00a0\u00a0 and the Agricultural Training Research Centre of Cabra, C\u00f3rdoba. Benito M\u00e1rquez (Extenda), led and accompanied a group of sixteen foreign companies from Peru, Chile, Morocco, Algeria, Tunisia, South Africa and Turkey, including oil producers, importers and distributors of products from the olive grove industry, and some [&hellip;]\" \/>\n<meta property=\"og:url\" content=\"https:\/\/www.cortijoelpuerto.com\/en\/extenda-and-ifapa-de-cabra-visit-our-farm-cortijo-el-puerto\/\" \/>\n<meta property=\"og:site_name\" content=\"Cortijo el Puerto 100% Ecol\u00f3gico y Biodin\u00e1mico\" \/>\n<meta property=\"article:published_time\" content=\"2017-05-10T09:16:54+00:00\" \/>\n<meta property=\"article:modified_time\" content=\"2025-07-01T08:56:38+00:00\" \/>\n<meta property=\"og:image\" content=\"https:\/\/www.cortijoelpuerto.com\/wp-content\/uploads\/2025\/06\/Cortijo-el-Puerto-Visita-Extenda-Ifapa-1.jpeg\" \/>\n\t<meta property=\"og:image:width\" content=\"1280\" \/>\n\t<meta property=\"og:image:height\" content=\"852\" \/>\n\t<meta property=\"og:image:type\" content=\"image\/jpeg\" \/>\n<meta name=\"author\" content=\"cortpuertadmin\" \/>\n<meta name=\"twitter:card\" content=\"summary_large_image\" \/>\n<meta name=\"twitter:label1\" content=\"Written by\" \/>\n\t<meta name=\"twitter:data1\" content=\"cortpuertadmin\" \/>\n\t<meta name=\"twitter:label2\" content=\"Est. reading time\" \/>\n\t<meta name=\"twitter:data2\" content=\"1 minute\" \/>\n<script type=\"application\/ld+json\" class=\"yoast-schema-graph\">{\"@context\":\"https:\\\/\\\/schema.org\",\"@graph\":[{\"@type\":\"Article\",\"@id\":\"https:\\\/\\\/www.cortijoelpuerto.com\\\/en\\\/extenda-and-ifapa-de-cabra-visit-our-farm-cortijo-el-puerto\\\/#article\",\"isPartOf\":{\"@id\":\"https:\\\/\\\/www.cortijoelpuerto.com\\\/en\\\/extenda-and-ifapa-de-cabra-visit-our-farm-cortijo-el-puerto\\\/\"},\"author\":{\"name\":\"cortpuertadmin\",\"@id\":\"https:\\\/\\\/www.cortijoelpuerto.com\\\/en\\\/#\\\/schema\\\/person\\\/73ba7185813001a8d176886f4153ca2d\"},\"headline\":\"Extenda and IFAPA de Cabra visit our farm, Cortijo el Puerto\",\"datePublished\":\"2017-05-10T09:16:54+00:00\",\"dateModified\":\"2025-07-01T08:56:38+00:00\",\"mainEntityOfPage\":{\"@id\":\"https:\\\/\\\/www.cortijoelpuerto.com\\\/en\\\/extenda-and-ifapa-de-cabra-visit-our-farm-cortijo-el-puerto\\\/\"},\"wordCount\":170,\"image\":{\"@id\":\"https:\\\/\\\/www.cortijoelpuerto.com\\\/en\\\/extenda-and-ifapa-de-cabra-visit-our-farm-cortijo-el-puerto\\\/#primaryimage\"},\"thumbnailUrl\":\"https:\\\/\\\/www.cortijoelpuerto.com\\\/wp-content\\\/uploads\\\/2025\\\/06\\\/Cortijo-el-Puerto-Visita-Extenda-Ifapa-1.jpeg\",\"keywords\":[\"Agricultural Training Research Center (IFAPA Cabra\",\"Agricultural Training Research Center (IFAPA Cabra, C\u00f3rdoba, Spain)\",\"Alexis Kerner\",\"Auxiliary and secondary fauna\",\"Benito M\u00e1rquez (Extenda)\",\"Br\u00edgida Jim\u00e9nez\",\"C\u00f3rdoba\",\"Ecosystem and habitat at Cortijo el Puerto\",\"Extenda (Andalusian Trade Promotion Agency)\",\"Finca Cortijo el Puerto (Lora del R\u00edo Seville)\",\"Internalisaction\",\"Organic Olive Grove\",\"Tomiko Tanaka\",\"Training\",\"Vegetation cover\"],\"articleSection\":[\"COMMITTED TO THE ENVIRONMENT\"],\"inLanguage\":\"en-US\"},{\"@type\":\"WebPage\",\"@id\":\"https:\\\/\\\/www.cortijoelpuerto.com\\\/en\\\/extenda-and-ifapa-de-cabra-visit-our-farm-cortijo-el-puerto\\\/\",\"url\":\"https:\\\/\\\/www.cortijoelpuerto.com\\\/en\\\/extenda-and-ifapa-de-cabra-visit-our-farm-cortijo-el-puerto\\\/\",\"name\":\"Extenda and IFAPA de Cabra visit our farm, Cortijo el Puerto - Cortijo el Puerto 100% Ecol\u00f3gico y Biodin\u00e1mico\",\"isPartOf\":{\"@id\":\"https:\\\/\\\/www.cortijoelpuerto.com\\\/en\\\/#website\"},\"primaryImageOfPage\":{\"@id\":\"https:\\\/\\\/www.cortijoelpuerto.com\\\/en\\\/extenda-and-ifapa-de-cabra-visit-our-farm-cortijo-el-puerto\\\/#primaryimage\"},\"image\":{\"@id\":\"https:\\\/\\\/www.cortijoelpuerto.com\\\/en\\\/extenda-and-ifapa-de-cabra-visit-our-farm-cortijo-el-puerto\\\/#primaryimage\"},\"thumbnailUrl\":\"https:\\\/\\\/www.cortijoelpuerto.com\\\/wp-content\\\/uploads\\\/2025\\\/06\\\/Cortijo-el-Puerto-Visita-Extenda-Ifapa-1.jpeg\",\"datePublished\":\"2017-05-10T09:16:54+00:00\",\"dateModified\":\"2025-07-01T08:56:38+00:00\",\"author\":{\"@id\":\"https:\\\/\\\/www.cortijoelpuerto.com\\\/en\\\/#\\\/schema\\\/person\\\/73ba7185813001a8d176886f4153ca2d\"},\"breadcrumb\":{\"@id\":\"https:\\\/\\\/www.cortijoelpuerto.com\\\/en\\\/extenda-and-ifapa-de-cabra-visit-our-farm-cortijo-el-puerto\\\/#breadcrumb\"},\"inLanguage\":\"en-US\",\"potentialAction\":[{\"@type\":\"ReadAction\",\"target\":[\"https:\\\/\\\/www.cortijoelpuerto.com\\\/en\\\/extenda-and-ifapa-de-cabra-visit-our-farm-cortijo-el-puerto\\\/\"]}]},{\"@type\":\"ImageObject\",\"inLanguage\":\"en-US\",\"@id\":\"https:\\\/\\\/www.cortijoelpuerto.com\\\/en\\\/extenda-and-ifapa-de-cabra-visit-our-farm-cortijo-el-puerto\\\/#primaryimage\",\"url\":\"https:\\\/\\\/www.cortijoelpuerto.com\\\/wp-content\\\/uploads\\\/2025\\\/06\\\/Cortijo-el-Puerto-Visita-Extenda-Ifapa-1.jpeg\",\"contentUrl\":\"https:\\\/\\\/www.cortijoelpuerto.com\\\/wp-content\\\/uploads\\\/2025\\\/06\\\/Cortijo-el-Puerto-Visita-Extenda-Ifapa-1.jpeg\",\"width\":1280,\"height\":852},{\"@type\":\"BreadcrumbList\",\"@id\":\"https:\\\/\\\/www.cortijoelpuerto.com\\\/en\\\/extenda-and-ifapa-de-cabra-visit-our-farm-cortijo-el-puerto\\\/#breadcrumb\",\"itemListElement\":[{\"@type\":\"ListItem\",\"position\":1,\"name\":\"Portada\",\"item\":\"https:\\\/\\\/www.cortijoelpuerto.com\\\/en\\\/\"},{\"@type\":\"ListItem\",\"position\":2,\"name\":\"Extenda and IFAPA de Cabra visit our farm, Cortijo el Puerto\"}]},{\"@type\":\"WebSite\",\"@id\":\"https:\\\/\\\/www.cortijoelpuerto.com\\\/en\\\/#website\",\"url\":\"https:\\\/\\\/www.cortijoelpuerto.com\\\/en\\\/\",\"name\":\"Cortijo el Puerto 100% Ecol\u00f3gico y Biodin\u00e1mico\",\"description\":\"\",\"potentialAction\":[{\"@type\":\"SearchAction\",\"target\":{\"@type\":\"EntryPoint\",\"urlTemplate\":\"https:\\\/\\\/www.cortijoelpuerto.com\\\/en\\\/?s={search_term_string}\"},\"query-input\":{\"@type\":\"PropertyValueSpecification\",\"valueRequired\":true,\"valueName\":\"search_term_string\"}}],\"inLanguage\":\"en-US\"},{\"@type\":\"Person\",\"@id\":\"https:\\\/\\\/www.cortijoelpuerto.com\\\/en\\\/#\\\/schema\\\/person\\\/73ba7185813001a8d176886f4153ca2d\",\"name\":\"cortpuertadmin\",\"image\":{\"@type\":\"ImageObject\",\"inLanguage\":\"en-US\",\"@id\":\"https:\\\/\\\/secure.gravatar.com\\\/avatar\\\/5d655c060725b194267bd40743963013959f94651381febb318b850a1e023ca8?s=96&d=mm&r=g\",\"url\":\"https:\\\/\\\/secure.gravatar.com\\\/avatar\\\/5d655c060725b194267bd40743963013959f94651381febb318b850a1e023ca8?s=96&d=mm&r=g\",\"contentUrl\":\"https:\\\/\\\/secure.gravatar.com\\\/avatar\\\/5d655c060725b194267bd40743963013959f94651381febb318b850a1e023ca8?s=96&d=mm&r=g\",\"caption\":\"cortpuertadmin\"},\"sameAs\":[\"https:\\\/\\\/cortijoelpuerto.com\\\/nuevaweb\"],\"url\":\"https:\\\/\\\/www.cortijoelpuerto.com\\\/en\\\/author\\\/cortpuertadmin\\\/\"}]}<\/script>\n<!-- \/ Yoast SEO plugin. -->","yoast_head_json":{"title":"Extenda and IFAPA de Cabra visit our farm, Cortijo el Puerto - Cortijo el Puerto 100% Ecol\u00f3gico y Biodin\u00e1mico","robots":{"index":"index","follow":"follow","max-snippet":"max-snippet:-1","max-image-preview":"max-image-preview:large","max-video-preview":"max-video-preview:-1"},"canonical":"https:\/\/www.cortijoelpuerto.com\/en\/extenda-and-ifapa-de-cabra-visit-our-farm-cortijo-el-puerto\/","og_locale":"en_US","og_type":"article","og_title":"Extenda and IFAPA de Cabra visit our farm, Cortijo el Puerto - Cortijo el Puerto 100% Ecol\u00f3gico y Biodin\u00e1mico","og_description":"Cortijo el Puerto welcomes the Andalusian Trade Promotion Agency\u00a0\u00a0 and the Agricultural Training Research Centre of Cabra, C\u00f3rdoba. Benito M\u00e1rquez (Extenda), led and accompanied a group of sixteen foreign companies from Peru, Chile, Morocco, Algeria, Tunisia, South Africa and Turkey, including oil producers, importers and distributors of products from the olive grove industry, and some [&hellip;]","og_url":"https:\/\/www.cortijoelpuerto.com\/en\/extenda-and-ifapa-de-cabra-visit-our-farm-cortijo-el-puerto\/","og_site_name":"Cortijo el Puerto 100% Ecol\u00f3gico y Biodin\u00e1mico","article_published_time":"2017-05-10T09:16:54+00:00","article_modified_time":"2025-07-01T08:56:38+00:00","og_image":[{"width":1280,"height":852,"url":"https:\/\/www.cortijoelpuerto.com\/wp-content\/uploads\/2025\/06\/Cortijo-el-Puerto-Visita-Extenda-Ifapa-1.jpeg","type":"image\/jpeg"}],"author":"cortpuertadmin","twitter_card":"summary_large_image","twitter_misc":{"Written by":"cortpuertadmin","Est. reading time":"1 minute"},"schema":{"@context":"https:\/\/schema.org","@graph":[{"@type":"Article","@id":"https:\/\/www.cortijoelpuerto.com\/en\/extenda-and-ifapa-de-cabra-visit-our-farm-cortijo-el-puerto\/#article","isPartOf":{"@id":"https:\/\/www.cortijoelpuerto.com\/en\/extenda-and-ifapa-de-cabra-visit-our-farm-cortijo-el-puerto\/"},"author":{"name":"cortpuertadmin","@id":"https:\/\/www.cortijoelpuerto.com\/en\/#\/schema\/person\/73ba7185813001a8d176886f4153ca2d"},"headline":"Extenda and IFAPA de Cabra visit our farm, Cortijo el Puerto","datePublished":"2017-05-10T09:16:54+00:00","dateModified":"2025-07-01T08:56:38+00:00","mainEntityOfPage":{"@id":"https:\/\/www.cortijoelpuerto.com\/en\/extenda-and-ifapa-de-cabra-visit-our-farm-cortijo-el-puerto\/"},"wordCount":170,"image":{"@id":"https:\/\/www.cortijoelpuerto.com\/en\/extenda-and-ifapa-de-cabra-visit-our-farm-cortijo-el-puerto\/#primaryimage"},"thumbnailUrl":"https:\/\/www.cortijoelpuerto.com\/wp-content\/uploads\/2025\/06\/Cortijo-el-Puerto-Visita-Extenda-Ifapa-1.jpeg","keywords":["Agricultural Training Research Center (IFAPA Cabra","Agricultural Training Research Center (IFAPA Cabra, C\u00f3rdoba, Spain)","Alexis Kerner","Auxiliary and secondary fauna","Benito M\u00e1rquez (Extenda)","Br\u00edgida Jim\u00e9nez","C\u00f3rdoba","Ecosystem and habitat at Cortijo el Puerto","Extenda (Andalusian Trade Promotion Agency)","Finca Cortijo el Puerto (Lora del R\u00edo Seville)","Internalisaction","Organic Olive Grove","Tomiko Tanaka","Training","Vegetation cover"],"articleSection":["COMMITTED TO THE ENVIRONMENT"],"inLanguage":"en-US"},{"@type":"WebPage","@id":"https:\/\/www.cortijoelpuerto.com\/en\/extenda-and-ifapa-de-cabra-visit-our-farm-cortijo-el-puerto\/","url":"https:\/\/www.cortijoelpuerto.com\/en\/extenda-and-ifapa-de-cabra-visit-our-farm-cortijo-el-puerto\/","name":"Extenda and IFAPA de Cabra visit our farm, Cortijo el Puerto - Cortijo el Puerto 100% Ecol\u00f3gico y Biodin\u00e1mico","isPartOf":{"@id":"https:\/\/www.cortijoelpuerto.com\/en\/#website"},"primaryImageOfPage":{"@id":"https:\/\/www.cortijoelpuerto.com\/en\/extenda-and-ifapa-de-cabra-visit-our-farm-cortijo-el-puerto\/#primaryimage"},"image":{"@id":"https:\/\/www.cortijoelpuerto.com\/en\/extenda-and-ifapa-de-cabra-visit-our-farm-cortijo-el-puerto\/#primaryimage"},"thumbnailUrl":"https:\/\/www.cortijoelpuerto.com\/wp-content\/uploads\/2025\/06\/Cortijo-el-Puerto-Visita-Extenda-Ifapa-1.jpeg","datePublished":"2017-05-10T09:16:54+00:00","dateModified":"2025-07-01T08:56:38+00:00","author":{"@id":"https:\/\/www.cortijoelpuerto.com\/en\/#\/schema\/person\/73ba7185813001a8d176886f4153ca2d"},"breadcrumb":{"@id":"https:\/\/www.cortijoelpuerto.com\/en\/extenda-and-ifapa-de-cabra-visit-our-farm-cortijo-el-puerto\/#breadcrumb"},"inLanguage":"en-US","potentialAction":[{"@type":"ReadAction","target":["https:\/\/www.cortijoelpuerto.com\/en\/extenda-and-ifapa-de-cabra-visit-our-farm-cortijo-el-puerto\/"]}]},{"@type":"ImageObject","inLanguage":"en-US","@id":"https:\/\/www.cortijoelpuerto.com\/en\/extenda-and-ifapa-de-cabra-visit-our-farm-cortijo-el-puerto\/#primaryimage","url":"https:\/\/www.cortijoelpuerto.com\/wp-content\/uploads\/2025\/06\/Cortijo-el-Puerto-Visita-Extenda-Ifapa-1.jpeg","contentUrl":"https:\/\/www.cortijoelpuerto.com\/wp-content\/uploads\/2025\/06\/Cortijo-el-Puerto-Visita-Extenda-Ifapa-1.jpeg","width":1280,"height":852},{"@type":"BreadcrumbList","@id":"https:\/\/www.cortijoelpuerto.com\/en\/extenda-and-ifapa-de-cabra-visit-our-farm-cortijo-el-puerto\/#breadcrumb","itemListElement":[{"@type":"ListItem","position":1,"name":"Portada","item":"https:\/\/www.cortijoelpuerto.com\/en\/"},{"@type":"ListItem","position":2,"name":"Extenda and IFAPA de Cabra visit our farm, Cortijo el Puerto"}]},{"@type":"WebSite","@id":"https:\/\/www.cortijoelpuerto.com\/en\/#website","url":"https:\/\/www.cortijoelpuerto.com\/en\/","name":"Cortijo el Puerto 100% Ecol\u00f3gico y Biodin\u00e1mico","description":"","potentialAction":[{"@type":"SearchAction","target":{"@type":"EntryPoint","urlTemplate":"https:\/\/www.cortijoelpuerto.com\/en\/?s={search_term_string}"},"query-input":{"@type":"PropertyValueSpecification","valueRequired":true,"valueName":"search_term_string"}}],"inLanguage":"en-US"},{"@type":"Person","@id":"https:\/\/www.cortijoelpuerto.com\/en\/#\/schema\/person\/73ba7185813001a8d176886f4153ca2d","name":"cortpuertadmin","image":{"@type":"ImageObject","inLanguage":"en-US","@id":"https:\/\/secure.gravatar.com\/avatar\/5d655c060725b194267bd40743963013959f94651381febb318b850a1e023ca8?s=96&d=mm&r=g","url":"https:\/\/secure.gravatar.com\/avatar\/5d655c060725b194267bd40743963013959f94651381febb318b850a1e023ca8?s=96&d=mm&r=g","contentUrl":"https:\/\/secure.gravatar.com\/avatar\/5d655c060725b194267bd40743963013959f94651381febb318b850a1e023ca8?s=96&d=mm&r=g","caption":"cortpuertadmin"},"sameAs":["https:\/\/cortijoelpuerto.com\/nuevaweb"],"url":"https:\/\/www.cortijoelpuerto.com\/en\/author\/cortpuertadmin\/"}]}},"_links":{"self":[{"href":"https:\/\/www.cortijoelpuerto.com\/en\/wp-json\/wp\/v2\/posts\/21225","targetHints":{"allow":["GET"]}}],"collection":[{"href":"https:\/\/www.cortijoelpuerto.com\/en\/wp-json\/wp\/v2\/posts"}],"about":[{"href":"https:\/\/www.cortijoelpuerto.com\/en\/wp-json\/wp\/v2\/types\/post"}],"author":[{"embeddable":true,"href":"https:\/\/www.cortijoelpuerto.com\/en\/wp-json\/wp\/v2\/users\/1"}],"replies":[{"embeddable":true,"href":"https:\/\/www.cortijoelpuerto.com\/en\/wp-json\/wp\/v2\/comments?post=21225"}],"version-history":[{"count":0,"href":"https:\/\/www.cortijoelpuerto.com\/en\/wp-json\/wp\/v2\/posts\/21225\/revisions"}],"wp:featuredmedia":[{"embeddable":true,"href":"https:\/\/www.cortijoelpuerto.com\/en\/wp-json\/wp\/v2\/media\/19246"}],"wp:attachment":[{"href":"https:\/\/www.cortijoelpuerto.com\/en\/wp-json\/wp\/v2\/media?parent=21225"}],"wp:term":[{"taxonomy":"category","embeddable":true,"href":"https:\/\/www.cortijoelpuerto.com\/en\/wp-json\/wp\/v2\/categories?post=21225"},{"taxonomy":"post_tag","embeddable":true,"href":"https:\/\/www.cortijoelpuerto.com\/en\/wp-json\/wp\/v2\/tags?post=21225"}],"curies":[{"name":"wp","href":"https:\/\/api.w.org\/{rel}","templated":true}]}}