{"id":21226,"date":"2016-10-30T11:32:05","date_gmt":"2016-10-30T10:32:05","guid":{"rendered":"https:\/\/www.cortijoelpuerto.com\/cortijo-el-puerto-collaborates-with-once-national-organisation-of-spanish-blind-people-and-labels-the-varieties-of-the-farm-collection-in-braille\/"},"modified":"2025-07-01T10:56:38","modified_gmt":"2025-07-01T08:56:38","slug":"cortijo-el-puerto-collaborates-with-once-national-organisation-of-spanish-blind-people-and-labels-the-varieties-of-the-farm-collection-in-braille","status":"publish","type":"post","link":"https:\/\/www.cortijoelpuerto.com\/en\/cortijo-el-puerto-collaborates-with-once-national-organisation-of-spanish-blind-people-and-labels-the-varieties-of-the-farm-collection-in-braille\/","title":{"rendered":"Cortijo el Puerto collaborates with \u2018ONCE\u2019 (Foundation in Support of the Blind and visually impaired) and labels the varieties of the Farm Collection in Braille"},"content":{"rendered":"<p><span style=\"color: #999999;\">Cortijo el Puerto labels six of its EVOO varieties in Braille assisted by<span style=\"color: #0000ff;\"><a style=\"color: #0000ff;\" href=\"http:\/\/www.once.es\/new\"> &#8220;ONCE&#8221;<\/a><\/span> , Foundation in Support of the Blind\u00a0and visually impaired: <em>Arbequina, Arbosana, Picual, Picudo, Koroneiki and Oliana.<\/em> Labelling in Braille our Extra Virgin Olive Oil allows ands facilitates blind people to know more about the varieties and the organoleptic characteristics of this healthy product.<\/span><br \/>\n<img loading=\"lazy\" decoding=\"async\" class=\"aligncenter wp-image-3268\" src=\"https:\/\/www.cortijoelpuerto.com\/wp-content\/uploads\/2025\/06\/Cortijo-el-Puerto-Braille.jpg\" alt=\"cortijo-el-puerto-braille\" width=\"600\" height=\"624\" \/><br \/>\nIt is a start\u00a0 for us to play a role in the search for greater social equality and non-discriminatory standards.<\/p>\n","protected":false},"excerpt":{"rendered":"<p>Cortijo el Puerto labels six of its EVOO varieties in Braille assisted by &#8220;ONCE&#8221; , Foundation in Support of the Blind\u00a0and visually impaired: Arbequina, Arbosana, Picual, Picudo, Koroneiki and Oliana. Labelling in Braille our Extra Virgin Olive Oil allows ands facilitates blind people to know more about the varieties and the organoleptic characteristics of this [&hellip;]<\/p>\n","protected":false},"author":1,"featured_media":19114,"comment_status":"closed","ping_status":"closed","sticky":false,"template":"","format":"standard","meta":{"_et_pb_use_builder":"","_et_pb_old_content":"","_et_gb_content_width":"","footnotes":""},"categories":[505,499],"tags":[544,506,545,546,508,547,510,503],"class_list":["post-21226","post","type-post","status-publish","format-standard","has-post-thumbnail","hentry","category-innovation-and-precision-agriculture","category-news-and-events","tag-braille-commission-spain","tag-coleccion-granja-farm-collection-cortijo-el-puerto","tag-coleccion-granja-de-aove-braille","tag-evoo-tactile-marks-and-labels-for-the-blind","tag-finca-cortijo-el-puerto-lora-del-rio-seville","tag-foundation-in-support-of-the-blind-and-visually-impaired-once","tag-organic-evoo-oliana-variety-cortijo-el-puerto","tag-organic-extra-virgin-olive-oil-cortijo-el-puerto"],"yoast_head":"<!-- This site is optimized with the Yoast SEO plugin v27.4 - https:\/\/yoast.com\/product\/yoast-seo-wordpress\/ -->\n<title>Cortijo el Puerto collaborates with \u2018ONCE\u2019 (Foundation in Support of the Blind and visually impaired) and labels the varieties of the Farm Collection in Braille - Cortijo el Puerto 100% Ecol\u00f3gico y Biodin\u00e1mico<\/title>\n<meta name=\"robots\" content=\"index, follow, max-snippet:-1, max-image-preview:large, max-video-preview:-1\" \/>\n<link rel=\"canonical\" href=\"https:\/\/www.cortijoelpuerto.com\/en\/cortijo-el-puerto-collaborates-with-once-national-organisation-of-spanish-blind-people-and-labels-the-varieties-of-the-farm-collection-in-braille\/\" \/>\n<meta property=\"og:locale\" content=\"en_US\" \/>\n<meta property=\"og:type\" content=\"article\" \/>\n<meta property=\"og:title\" content=\"Cortijo el Puerto collaborates with \u2018ONCE\u2019 (Foundation in Support of the Blind and visually impaired) and labels the varieties of the Farm Collection in Braille - Cortijo el Puerto 100% Ecol\u00f3gico y Biodin\u00e1mico\" \/>\n<meta property=\"og:description\" content=\"Cortijo el Puerto labels six of its EVOO varieties in Braille assisted by &#8220;ONCE&#8221; , Foundation in Support of the Blind\u00a0and visually impaired: Arbequina, Arbosana, Picual, Picudo, Koroneiki and Oliana. Labelling in Braille our Extra Virgin Olive Oil allows ands facilitates blind people to know more about the varieties and the organoleptic characteristics of this [&hellip;]\" \/>\n<meta property=\"og:url\" content=\"https:\/\/www.cortijoelpuerto.com\/en\/cortijo-el-puerto-collaborates-with-once-national-organisation-of-spanish-blind-people-and-labels-the-varieties-of-the-farm-collection-in-braille\/\" \/>\n<meta property=\"og:site_name\" content=\"Cortijo el Puerto 100% Ecol\u00f3gico y Biodin\u00e1mico\" \/>\n<meta property=\"article:published_time\" content=\"2016-10-30T10:32:05+00:00\" \/>\n<meta property=\"article:modified_time\" content=\"2025-07-01T08:56:38+00:00\" \/>\n<meta property=\"og:image\" content=\"https:\/\/www.cortijoelpuerto.com\/wp-content\/uploads\/2025\/06\/Cortijo-el-Puerto-Braille.jpg\" \/>\n\t<meta property=\"og:image:width\" content=\"1694\" \/>\n\t<meta property=\"og:image:height\" content=\"1762\" \/>\n\t<meta property=\"og:image:type\" content=\"image\/jpeg\" \/>\n<meta name=\"author\" content=\"cortpuertadmin\" \/>\n<meta name=\"twitter:card\" content=\"summary_large_image\" \/>\n<meta name=\"twitter:label1\" content=\"Written by\" \/>\n\t<meta name=\"twitter:data1\" content=\"cortpuertadmin\" \/>\n<script type=\"application\/ld+json\" class=\"yoast-schema-graph\">{\"@context\":\"https:\\\/\\\/schema.org\",\"@graph\":[{\"@type\":\"Article\",\"@id\":\"https:\\\/\\\/www.cortijoelpuerto.com\\\/en\\\/cortijo-el-puerto-collaborates-with-once-national-organisation-of-spanish-blind-people-and-labels-the-varieties-of-the-farm-collection-in-braille\\\/#article\",\"isPartOf\":{\"@id\":\"https:\\\/\\\/www.cortijoelpuerto.com\\\/en\\\/cortijo-el-puerto-collaborates-with-once-national-organisation-of-spanish-blind-people-and-labels-the-varieties-of-the-farm-collection-in-braille\\\/\"},\"author\":{\"name\":\"cortpuertadmin\",\"@id\":\"https:\\\/\\\/www.cortijoelpuerto.com\\\/en\\\/#\\\/schema\\\/person\\\/73ba7185813001a8d176886f4153ca2d\"},\"headline\":\"Cortijo el Puerto collaborates with \u2018ONCE\u2019 (Foundation in Support of the Blind and visually impaired) and labels the varieties of the Farm Collection in Braille\",\"datePublished\":\"2016-10-30T10:32:05+00:00\",\"dateModified\":\"2025-07-01T08:56:38+00:00\",\"mainEntityOfPage\":{\"@id\":\"https:\\\/\\\/www.cortijoelpuerto.com\\\/en\\\/cortijo-el-puerto-collaborates-with-once-national-organisation-of-spanish-blind-people-and-labels-the-varieties-of-the-farm-collection-in-braille\\\/\"},\"wordCount\":102,\"image\":{\"@id\":\"https:\\\/\\\/www.cortijoelpuerto.com\\\/en\\\/cortijo-el-puerto-collaborates-with-once-national-organisation-of-spanish-blind-people-and-labels-the-varieties-of-the-farm-collection-in-braille\\\/#primaryimage\"},\"thumbnailUrl\":\"https:\\\/\\\/www.cortijoelpuerto.com\\\/wp-content\\\/uploads\\\/2025\\\/06\\\/Cortijo-el-Puerto-Braille.jpg\",\"keywords\":[\"Braille Commission (Spain)\",\"Colecci\u00f3n Granja (Farm Collection) Cortijo el Puerto\",\"Colecci\u00f3n Granja de AOVE Braille\",\"EVOO Tactile Marks and Labels for the Blind\",\"Finca Cortijo el Puerto (Lora del R\u00edo Seville)\",\"Foundation in Support of the Blind and visually impaired (ONCE)\",\"Organic EVOO Oliana variety Cortijo el Puerto\",\"Organic Extra Virgin Olive Oil Cortijo el Puerto\"],\"articleSection\":[\"INNOVATION AND PRECISION AGRICULTURE\",\"NEWS AND EVENTS\"],\"inLanguage\":\"en-US\"},{\"@type\":\"WebPage\",\"@id\":\"https:\\\/\\\/www.cortijoelpuerto.com\\\/en\\\/cortijo-el-puerto-collaborates-with-once-national-organisation-of-spanish-blind-people-and-labels-the-varieties-of-the-farm-collection-in-braille\\\/\",\"url\":\"https:\\\/\\\/www.cortijoelpuerto.com\\\/en\\\/cortijo-el-puerto-collaborates-with-once-national-organisation-of-spanish-blind-people-and-labels-the-varieties-of-the-farm-collection-in-braille\\\/\",\"name\":\"Cortijo el Puerto collaborates with \u2018ONCE\u2019 (Foundation in Support of the Blind and visually impaired) and labels the varieties of the Farm Collection in Braille - Cortijo el Puerto 100% Ecol\u00f3gico y Biodin\u00e1mico\",\"isPartOf\":{\"@id\":\"https:\\\/\\\/www.cortijoelpuerto.com\\\/en\\\/#website\"},\"primaryImageOfPage\":{\"@id\":\"https:\\\/\\\/www.cortijoelpuerto.com\\\/en\\\/cortijo-el-puerto-collaborates-with-once-national-organisation-of-spanish-blind-people-and-labels-the-varieties-of-the-farm-collection-in-braille\\\/#primaryimage\"},\"image\":{\"@id\":\"https:\\\/\\\/www.cortijoelpuerto.com\\\/en\\\/cortijo-el-puerto-collaborates-with-once-national-organisation-of-spanish-blind-people-and-labels-the-varieties-of-the-farm-collection-in-braille\\\/#primaryimage\"},\"thumbnailUrl\":\"https:\\\/\\\/www.cortijoelpuerto.com\\\/wp-content\\\/uploads\\\/2025\\\/06\\\/Cortijo-el-Puerto-Braille.jpg\",\"datePublished\":\"2016-10-30T10:32:05+00:00\",\"dateModified\":\"2025-07-01T08:56:38+00:00\",\"author\":{\"@id\":\"https:\\\/\\\/www.cortijoelpuerto.com\\\/en\\\/#\\\/schema\\\/person\\\/73ba7185813001a8d176886f4153ca2d\"},\"breadcrumb\":{\"@id\":\"https:\\\/\\\/www.cortijoelpuerto.com\\\/en\\\/cortijo-el-puerto-collaborates-with-once-national-organisation-of-spanish-blind-people-and-labels-the-varieties-of-the-farm-collection-in-braille\\\/#breadcrumb\"},\"inLanguage\":\"en-US\",\"potentialAction\":[{\"@type\":\"ReadAction\",\"target\":[\"https:\\\/\\\/www.cortijoelpuerto.com\\\/en\\\/cortijo-el-puerto-collaborates-with-once-national-organisation-of-spanish-blind-people-and-labels-the-varieties-of-the-farm-collection-in-braille\\\/\"]}]},{\"@type\":\"ImageObject\",\"inLanguage\":\"en-US\",\"@id\":\"https:\\\/\\\/www.cortijoelpuerto.com\\\/en\\\/cortijo-el-puerto-collaborates-with-once-national-organisation-of-spanish-blind-people-and-labels-the-varieties-of-the-farm-collection-in-braille\\\/#primaryimage\",\"url\":\"https:\\\/\\\/www.cortijoelpuerto.com\\\/wp-content\\\/uploads\\\/2025\\\/06\\\/Cortijo-el-Puerto-Braille.jpg\",\"contentUrl\":\"https:\\\/\\\/www.cortijoelpuerto.com\\\/wp-content\\\/uploads\\\/2025\\\/06\\\/Cortijo-el-Puerto-Braille.jpg\",\"width\":1694,\"height\":1762},{\"@type\":\"BreadcrumbList\",\"@id\":\"https:\\\/\\\/www.cortijoelpuerto.com\\\/en\\\/cortijo-el-puerto-collaborates-with-once-national-organisation-of-spanish-blind-people-and-labels-the-varieties-of-the-farm-collection-in-braille\\\/#breadcrumb\",\"itemListElement\":[{\"@type\":\"ListItem\",\"position\":1,\"name\":\"Portada\",\"item\":\"https:\\\/\\\/www.cortijoelpuerto.com\\\/en\\\/\"},{\"@type\":\"ListItem\",\"position\":2,\"name\":\"Cortijo el Puerto collaborates with \u2018ONCE\u2019 (Foundation in Support of the Blind and visually impaired) and labels the varieties of the Farm Collection in Braille\"}]},{\"@type\":\"WebSite\",\"@id\":\"https:\\\/\\\/www.cortijoelpuerto.com\\\/en\\\/#website\",\"url\":\"https:\\\/\\\/www.cortijoelpuerto.com\\\/en\\\/\",\"name\":\"Cortijo el Puerto 100% Ecol\u00f3gico y Biodin\u00e1mico\",\"description\":\"\",\"potentialAction\":[{\"@type\":\"SearchAction\",\"target\":{\"@type\":\"EntryPoint\",\"urlTemplate\":\"https:\\\/\\\/www.cortijoelpuerto.com\\\/en\\\/?s={search_term_string}\"},\"query-input\":{\"@type\":\"PropertyValueSpecification\",\"valueRequired\":true,\"valueName\":\"search_term_string\"}}],\"inLanguage\":\"en-US\"},{\"@type\":\"Person\",\"@id\":\"https:\\\/\\\/www.cortijoelpuerto.com\\\/en\\\/#\\\/schema\\\/person\\\/73ba7185813001a8d176886f4153ca2d\",\"name\":\"cortpuertadmin\",\"image\":{\"@type\":\"ImageObject\",\"inLanguage\":\"en-US\",\"@id\":\"https:\\\/\\\/secure.gravatar.com\\\/avatar\\\/5d655c060725b194267bd40743963013959f94651381febb318b850a1e023ca8?s=96&d=mm&r=g\",\"url\":\"https:\\\/\\\/secure.gravatar.com\\\/avatar\\\/5d655c060725b194267bd40743963013959f94651381febb318b850a1e023ca8?s=96&d=mm&r=g\",\"contentUrl\":\"https:\\\/\\\/secure.gravatar.com\\\/avatar\\\/5d655c060725b194267bd40743963013959f94651381febb318b850a1e023ca8?s=96&d=mm&r=g\",\"caption\":\"cortpuertadmin\"},\"sameAs\":[\"https:\\\/\\\/cortijoelpuerto.com\\\/nuevaweb\"],\"url\":\"https:\\\/\\\/www.cortijoelpuerto.com\\\/en\\\/author\\\/cortpuertadmin\\\/\"}]}<\/script>\n<!-- \/ Yoast SEO plugin. -->","yoast_head_json":{"title":"Cortijo el Puerto collaborates with \u2018ONCE\u2019 (Foundation in Support of the Blind and visually impaired) and labels the varieties of the Farm Collection in Braille - Cortijo el Puerto 100% Ecol\u00f3gico y Biodin\u00e1mico","robots":{"index":"index","follow":"follow","max-snippet":"max-snippet:-1","max-image-preview":"max-image-preview:large","max-video-preview":"max-video-preview:-1"},"canonical":"https:\/\/www.cortijoelpuerto.com\/en\/cortijo-el-puerto-collaborates-with-once-national-organisation-of-spanish-blind-people-and-labels-the-varieties-of-the-farm-collection-in-braille\/","og_locale":"en_US","og_type":"article","og_title":"Cortijo el Puerto collaborates with \u2018ONCE\u2019 (Foundation in Support of the Blind and visually impaired) and labels the varieties of the Farm Collection in Braille - Cortijo el Puerto 100% Ecol\u00f3gico y Biodin\u00e1mico","og_description":"Cortijo el Puerto labels six of its EVOO varieties in Braille assisted by &#8220;ONCE&#8221; , Foundation in Support of the Blind\u00a0and visually impaired: Arbequina, Arbosana, Picual, Picudo, Koroneiki and Oliana. Labelling in Braille our Extra Virgin Olive Oil allows ands facilitates blind people to know more about the varieties and the organoleptic characteristics of this [&hellip;]","og_url":"https:\/\/www.cortijoelpuerto.com\/en\/cortijo-el-puerto-collaborates-with-once-national-organisation-of-spanish-blind-people-and-labels-the-varieties-of-the-farm-collection-in-braille\/","og_site_name":"Cortijo el Puerto 100% Ecol\u00f3gico y Biodin\u00e1mico","article_published_time":"2016-10-30T10:32:05+00:00","article_modified_time":"2025-07-01T08:56:38+00:00","og_image":[{"width":1694,"height":1762,"url":"https:\/\/www.cortijoelpuerto.com\/wp-content\/uploads\/2025\/06\/Cortijo-el-Puerto-Braille.jpg","type":"image\/jpeg"}],"author":"cortpuertadmin","twitter_card":"summary_large_image","twitter_misc":{"Written by":"cortpuertadmin"},"schema":{"@context":"https:\/\/schema.org","@graph":[{"@type":"Article","@id":"https:\/\/www.cortijoelpuerto.com\/en\/cortijo-el-puerto-collaborates-with-once-national-organisation-of-spanish-blind-people-and-labels-the-varieties-of-the-farm-collection-in-braille\/#article","isPartOf":{"@id":"https:\/\/www.cortijoelpuerto.com\/en\/cortijo-el-puerto-collaborates-with-once-national-organisation-of-spanish-blind-people-and-labels-the-varieties-of-the-farm-collection-in-braille\/"},"author":{"name":"cortpuertadmin","@id":"https:\/\/www.cortijoelpuerto.com\/en\/#\/schema\/person\/73ba7185813001a8d176886f4153ca2d"},"headline":"Cortijo el Puerto collaborates with \u2018ONCE\u2019 (Foundation in Support of the Blind and visually impaired) and labels the varieties of the Farm Collection in Braille","datePublished":"2016-10-30T10:32:05+00:00","dateModified":"2025-07-01T08:56:38+00:00","mainEntityOfPage":{"@id":"https:\/\/www.cortijoelpuerto.com\/en\/cortijo-el-puerto-collaborates-with-once-national-organisation-of-spanish-blind-people-and-labels-the-varieties-of-the-farm-collection-in-braille\/"},"wordCount":102,"image":{"@id":"https:\/\/www.cortijoelpuerto.com\/en\/cortijo-el-puerto-collaborates-with-once-national-organisation-of-spanish-blind-people-and-labels-the-varieties-of-the-farm-collection-in-braille\/#primaryimage"},"thumbnailUrl":"https:\/\/www.cortijoelpuerto.com\/wp-content\/uploads\/2025\/06\/Cortijo-el-Puerto-Braille.jpg","keywords":["Braille Commission (Spain)","Colecci\u00f3n Granja (Farm Collection) Cortijo el Puerto","Colecci\u00f3n Granja de AOVE Braille","EVOO Tactile Marks and Labels for the Blind","Finca Cortijo el Puerto (Lora del R\u00edo Seville)","Foundation in Support of the Blind and visually impaired (ONCE)","Organic EVOO Oliana variety Cortijo el Puerto","Organic Extra Virgin Olive Oil Cortijo el Puerto"],"articleSection":["INNOVATION AND PRECISION AGRICULTURE","NEWS AND EVENTS"],"inLanguage":"en-US"},{"@type":"WebPage","@id":"https:\/\/www.cortijoelpuerto.com\/en\/cortijo-el-puerto-collaborates-with-once-national-organisation-of-spanish-blind-people-and-labels-the-varieties-of-the-farm-collection-in-braille\/","url":"https:\/\/www.cortijoelpuerto.com\/en\/cortijo-el-puerto-collaborates-with-once-national-organisation-of-spanish-blind-people-and-labels-the-varieties-of-the-farm-collection-in-braille\/","name":"Cortijo el Puerto collaborates with \u2018ONCE\u2019 (Foundation in Support of the Blind and visually impaired) and labels the varieties of the Farm Collection in Braille - Cortijo el Puerto 100% Ecol\u00f3gico y Biodin\u00e1mico","isPartOf":{"@id":"https:\/\/www.cortijoelpuerto.com\/en\/#website"},"primaryImageOfPage":{"@id":"https:\/\/www.cortijoelpuerto.com\/en\/cortijo-el-puerto-collaborates-with-once-national-organisation-of-spanish-blind-people-and-labels-the-varieties-of-the-farm-collection-in-braille\/#primaryimage"},"image":{"@id":"https:\/\/www.cortijoelpuerto.com\/en\/cortijo-el-puerto-collaborates-with-once-national-organisation-of-spanish-blind-people-and-labels-the-varieties-of-the-farm-collection-in-braille\/#primaryimage"},"thumbnailUrl":"https:\/\/www.cortijoelpuerto.com\/wp-content\/uploads\/2025\/06\/Cortijo-el-Puerto-Braille.jpg","datePublished":"2016-10-30T10:32:05+00:00","dateModified":"2025-07-01T08:56:38+00:00","author":{"@id":"https:\/\/www.cortijoelpuerto.com\/en\/#\/schema\/person\/73ba7185813001a8d176886f4153ca2d"},"breadcrumb":{"@id":"https:\/\/www.cortijoelpuerto.com\/en\/cortijo-el-puerto-collaborates-with-once-national-organisation-of-spanish-blind-people-and-labels-the-varieties-of-the-farm-collection-in-braille\/#breadcrumb"},"inLanguage":"en-US","potentialAction":[{"@type":"ReadAction","target":["https:\/\/www.cortijoelpuerto.com\/en\/cortijo-el-puerto-collaborates-with-once-national-organisation-of-spanish-blind-people-and-labels-the-varieties-of-the-farm-collection-in-braille\/"]}]},{"@type":"ImageObject","inLanguage":"en-US","@id":"https:\/\/www.cortijoelpuerto.com\/en\/cortijo-el-puerto-collaborates-with-once-national-organisation-of-spanish-blind-people-and-labels-the-varieties-of-the-farm-collection-in-braille\/#primaryimage","url":"https:\/\/www.cortijoelpuerto.com\/wp-content\/uploads\/2025\/06\/Cortijo-el-Puerto-Braille.jpg","contentUrl":"https:\/\/www.cortijoelpuerto.com\/wp-content\/uploads\/2025\/06\/Cortijo-el-Puerto-Braille.jpg","width":1694,"height":1762},{"@type":"BreadcrumbList","@id":"https:\/\/www.cortijoelpuerto.com\/en\/cortijo-el-puerto-collaborates-with-once-national-organisation-of-spanish-blind-people-and-labels-the-varieties-of-the-farm-collection-in-braille\/#breadcrumb","itemListElement":[{"@type":"ListItem","position":1,"name":"Portada","item":"https:\/\/www.cortijoelpuerto.com\/en\/"},{"@type":"ListItem","position":2,"name":"Cortijo el Puerto collaborates with \u2018ONCE\u2019 (Foundation in Support of the Blind and visually impaired) and labels the varieties of the Farm Collection in Braille"}]},{"@type":"WebSite","@id":"https:\/\/www.cortijoelpuerto.com\/en\/#website","url":"https:\/\/www.cortijoelpuerto.com\/en\/","name":"Cortijo el Puerto 100% Ecol\u00f3gico y Biodin\u00e1mico","description":"","potentialAction":[{"@type":"SearchAction","target":{"@type":"EntryPoint","urlTemplate":"https:\/\/www.cortijoelpuerto.com\/en\/?s={search_term_string}"},"query-input":{"@type":"PropertyValueSpecification","valueRequired":true,"valueName":"search_term_string"}}],"inLanguage":"en-US"},{"@type":"Person","@id":"https:\/\/www.cortijoelpuerto.com\/en\/#\/schema\/person\/73ba7185813001a8d176886f4153ca2d","name":"cortpuertadmin","image":{"@type":"ImageObject","inLanguage":"en-US","@id":"https:\/\/secure.gravatar.com\/avatar\/5d655c060725b194267bd40743963013959f94651381febb318b850a1e023ca8?s=96&d=mm&r=g","url":"https:\/\/secure.gravatar.com\/avatar\/5d655c060725b194267bd40743963013959f94651381febb318b850a1e023ca8?s=96&d=mm&r=g","contentUrl":"https:\/\/secure.gravatar.com\/avatar\/5d655c060725b194267bd40743963013959f94651381febb318b850a1e023ca8?s=96&d=mm&r=g","caption":"cortpuertadmin"},"sameAs":["https:\/\/cortijoelpuerto.com\/nuevaweb"],"url":"https:\/\/www.cortijoelpuerto.com\/en\/author\/cortpuertadmin\/"}]}},"_links":{"self":[{"href":"https:\/\/www.cortijoelpuerto.com\/en\/wp-json\/wp\/v2\/posts\/21226","targetHints":{"allow":["GET"]}}],"collection":[{"href":"https:\/\/www.cortijoelpuerto.com\/en\/wp-json\/wp\/v2\/posts"}],"about":[{"href":"https:\/\/www.cortijoelpuerto.com\/en\/wp-json\/wp\/v2\/types\/post"}],"author":[{"embeddable":true,"href":"https:\/\/www.cortijoelpuerto.com\/en\/wp-json\/wp\/v2\/users\/1"}],"replies":[{"embeddable":true,"href":"https:\/\/www.cortijoelpuerto.com\/en\/wp-json\/wp\/v2\/comments?post=21226"}],"version-history":[{"count":0,"href":"https:\/\/www.cortijoelpuerto.com\/en\/wp-json\/wp\/v2\/posts\/21226\/revisions"}],"wp:featuredmedia":[{"embeddable":true,"href":"https:\/\/www.cortijoelpuerto.com\/en\/wp-json\/wp\/v2\/media\/19114"}],"wp:attachment":[{"href":"https:\/\/www.cortijoelpuerto.com\/en\/wp-json\/wp\/v2\/media?parent=21226"}],"wp:term":[{"taxonomy":"category","embeddable":true,"href":"https:\/\/www.cortijoelpuerto.com\/en\/wp-json\/wp\/v2\/categories?post=21226"},{"taxonomy":"post_tag","embeddable":true,"href":"https:\/\/www.cortijoelpuerto.com\/en\/wp-json\/wp\/v2\/tags?post=21226"}],"curies":[{"name":"wp","href":"https:\/\/api.w.org\/{rel}","templated":true}]}}