{"id":21227,"date":"2017-06-23T09:27:34","date_gmt":"2017-06-23T07:27:34","guid":{"rendered":"https:\/\/www.cortijoelpuerto.com\/una-coleccion-oro-terraolivo-2017\/"},"modified":"2025-07-01T10:56:39","modified_gmt":"2025-07-01T08:56:39","slug":"una-coleccion-oro-terraolivo-2017","status":"publish","type":"post","link":"https:\/\/www.cortijoelpuerto.com\/en\/una-coleccion-oro-terraolivo-2017\/","title":{"rendered":"Una Colecci\u00f3n de Oro en TERRAOLIVO 2017"},"content":{"rendered":"<h6><span style=\"color: #999999;\">La Colecci\u00f3n Granja de AOVE de Cortijo el Puerto obtiene seis Medallas de Oro y tres premios al mejor Dise\u00f1o de Packaging en TERRAOLIVO 2017.<\/span><\/h6>\n<h6><span style=\"color: #999999;\">Estamos emocionados por el \u00e9xito que han conseguido los seis Aceites de Oliva Virgen Extra (AOVE) en TERRAOLIVO 2017, competici\u00f3n Mediterr\u00e1nea Internacional del Aceite de Oliva Virgen Extra, celebrada entre los d\u00edas 12 y 14 de junio en Jerusal\u00e9n (Israel).<\/span><\/h6>\n<h6><span style=\"color: #999999;\">Nuestros AOVEs han obtenido los siguientes galardones:<\/span><\/h6>\n<h6 style=\"text-align: center;\"><span style=\"color: #999999;\">Cortijo el Puerto Arbequina, Gran Prestige Gold<\/span><\/h6>\n<p><img loading=\"lazy\" decoding=\"async\" class=\"aligncenter size-full wp-image-3763\" src=\"https:\/\/www.cortijoelpuerto.com\/wp-content\/uploads\/2025\/06\/Cortijo-el-Puerto-Arbequina-Gran-Prestige-Gold-scaled.jpg\" alt=\"\" width=\"3508\" height=\"2481\" \/><\/p>\n<h6 style=\"text-align: center;\"><span style=\"color: #999999;\">Cortijo el Puerto Picudo, Gran Prestige Gold<\/span><\/h6>\n<h6 style=\"text-align: center;\"><img loading=\"lazy\" decoding=\"async\" class=\"aligncenter size-full wp-image-3771\" src=\"https:\/\/www.cortijoelpuerto.com\/wp-content\/uploads\/2025\/06\/Cortijo-el-Puerto-Picudo-Gran-Prestige-Gold-scaled.jpg\" alt=\"\" width=\"3508\" height=\"2481\" \/><br \/>\n<span style=\"color: #999999;\">Cortijo el Puerto Picual, Gran Prestige Gold<\/span><\/h6>\n<h6 style=\"text-align: center;\"><img loading=\"lazy\" decoding=\"async\" class=\"aligncenter size-full wp-image-3770\" src=\"https:\/\/www.cortijoelpuerto.com\/wp-content\/uploads\/2025\/06\/Cortijo-el-Puerto-Picual-Gran-Prestige-Gold-scaled.jpg\" alt=\"\" width=\"3508\" height=\"2481\" \/><br \/>\n<span style=\"color: #999999;\">Cortijo el Puerto Koroneiki, Gran Prestige Gold<\/span><\/h6>\n<h6 style=\"text-align: center;\"><img loading=\"lazy\" decoding=\"async\" class=\"aligncenter size-full wp-image-3766\" src=\"https:\/\/www.cortijoelpuerto.com\/wp-content\/uploads\/2025\/06\/Cortijo-el-Puerto-Koroneiki-Gran-Prestige-Gold-scaled.jpg\" alt=\"\" width=\"3508\" height=\"2481\" \/><br \/>\n<span style=\"color: #999999;\">Cortijo el Puerto Oliana, Gran Prestige Gold<\/span><\/h6>\n<h6 style=\"text-align: center;\"><img loading=\"lazy\" decoding=\"async\" class=\"aligncenter size-full wp-image-3768\" src=\"https:\/\/www.cortijoelpuerto.com\/wp-content\/uploads\/2025\/06\/Cortijo-el-Puerto-Oliana-Gran-Prestige-Gold-scaled.jpg\" alt=\"\" width=\"3508\" height=\"2481\" \/><br \/>\n<span style=\"color: #999999;\">Cortijo el Puerto Arbosana, Prestige Gold<\/span><\/h6>\n<p><img loading=\"lazy\" decoding=\"async\" class=\"aligncenter size-full wp-image-3764\" src=\"https:\/\/www.cortijoelpuerto.com\/wp-content\/uploads\/2025\/06\/Cortijo-el-Puerto-Arbosana-Prestige-Gold-scaled.jpg\" alt=\"\" width=\"3508\" height=\"2481\" \/><\/p>\n<h6><span style=\"color: #999999;\">Adem\u00e1s de los siguientes premios de Dise\u00f1o:<\/span><\/h6>\n<h6 style=\"text-align: center;\"><span style=\"color: #999999;\">Cortijo el Puerto Picual, Best Packaging Design<\/span><\/h6>\n<h6 style=\"text-align: center;\"><img loading=\"lazy\" decoding=\"async\" class=\"aligncenter size-full wp-image-3769\" src=\"https:\/\/www.cortijoelpuerto.com\/wp-content\/uploads\/2025\/06\/Cortijo-el-Puerto-Picual-best-desing-scaled.jpg\" alt=\"\" width=\"3508\" height=\"2481\" \/><br \/>\n<span style=\"color: #999999;\">Cortijo el Puerto Koroneiki, Best Packaging Design<\/span><\/h6>\n<h6 style=\"text-align: center;\"><img loading=\"lazy\" decoding=\"async\" class=\"aligncenter size-full wp-image-3765\" src=\"https:\/\/www.cortijoelpuerto.com\/wp-content\/uploads\/2025\/06\/Cortijo-el-Puerto-Koroneiki-best-desing-scaled.jpg\" alt=\"\" width=\"3508\" height=\"2481\" \/><br \/>\n<span style=\"color: #999999;\">Cortijo el Puerto Oliana, Best Packaging Design<\/span><\/h6>\n<p><img loading=\"lazy\" decoding=\"async\" class=\"aligncenter size-full wp-image-3767\" src=\"https:\/\/www.cortijoelpuerto.com\/wp-content\/uploads\/2025\/06\/Cortijo-el-Puerto-Oliana-best-desing-scaled.jpg\" alt=\"\" width=\"3508\" height=\"2481\" \/><\/p>\n<h6><span style=\"color: #999999;\">Esto nos llena de satisfacci\u00f3n dado el prestigio alcanzado por este concurso internacional en el que en esta edici\u00f3n han participado un total de 632 muestras de 20 pa\u00edses, entre ellas 184 procedentes de Espa\u00f1a y 131 de Israel. Asimismo, se han recibido muestras de 80 regiones productoras y de m\u00e1s de 65 variedades distintas.<\/span><\/h6>\n<div style=\"width: 854px;\" class=\"wp-video\"><video class=\"wp-video-shortcode\" id=\"video-21227-1\" width=\"854\" height=\"480\" preload=\"metadata\" controls=\"controls\"><source type=\"video\/mp4\" src=\"https:\/\/www.cortijoelpuerto.com\/antigua\/wp-content\/uploads\/2017\/07\/Cortijo-el-Puerto-Terraolivo-2017.mp4?_=1\" \/><a href=\"https:\/\/www.cortijoelpuerto.com\/antigua\/wp-content\/uploads\/2017\/07\/Cortijo-el-Puerto-Terraolivo-2017.mp4\">https:\/\/www.cortijoelpuerto.com\/antigua\/wp-content\/uploads\/2017\/07\/Cortijo-el-Puerto-Terraolivo-2017.mp4<\/a><\/video><\/div>\n<h6><\/h6>\n<h6><span style=\"color: #999999;\">Una vez m\u00e1s queremos agradecer a todos los que trabajan con nosotros, para conseguir estos \u00e9xitos: nuestro equipo de trabajadores, Finca la Torre, Cabello X Mure y al resto de nuestros proveedores que nos hacen mejorar y a todos los que os alegr\u00e1is y nos anim\u00e1is a seguir esforz\u00e1ndonos para mejorar cada d\u00eda.<\/span><\/h6>\n<h6><span style=\"color: #999999;\">\u00a1\u00a1\u00a1Muchas gracias de todo coraz\u00f3n!!!<\/span><\/h6>\n<p>&nbsp;<\/p>\n<p>&nbsp;<\/p>\n<p>&nbsp;<\/p>\n","protected":false},"excerpt":{"rendered":"<p>La Colecci\u00f3n Granja de AOVE de Cortijo el Puerto obtiene seis Medallas de Oro y tres premios al mejor Dise\u00f1o de Packaging en TERRAOLIVO 2017. Estamos emocionados por el \u00e9xito que han conseguido los seis Aceites de Oliva Virgen Extra (AOVE) en TERRAOLIVO 2017, competici\u00f3n Mediterr\u00e1nea Internacional del Aceite de Oliva Virgen Extra, celebrada entre [&hellip;]<\/p>\n","protected":false},"author":1,"featured_media":19273,"comment_status":"closed","ping_status":"closed","sticky":false,"template":"","format":"standard","meta":{"_et_pb_use_builder":"","_et_pb_old_content":"","_et_gb_content_width":"","footnotes":""},"categories":[499],"tags":[531,510,533,525,523,526,527],"class_list":["post-21227","post","type-post","status-publish","format-standard","has-post-thumbnail","hentry","category-news-and-events","tag-evoo-contests","tag-organic-evoo-oliana-variety-cortijo-el-puerto","tag-organic-extra-virgin-olive-oil-arbequina-variety-cortjo-el-puerto","tag-organic-extra-virgin-olive-oil-arbosana-variety-cortjo-el-puerto","tag-organic-extra-virgin-olive-oil-koroneiki-variety-cortjo-el-puerto","tag-organic-extra-virgin-olive-oil-picual-variety-cortjo-el-puerto","tag-organic-extra-virgin-olive-oil-picudo-variety-cortjo-el-puerto"],"yoast_head":"<!-- This site is optimized with the Yoast SEO plugin v27.4 - https:\/\/yoast.com\/product\/yoast-seo-wordpress\/ -->\n<title>Una Colecci\u00f3n de Oro en TERRAOLIVO 2017 - Cortijo el Puerto 100% Ecol\u00f3gico y Biodin\u00e1mico<\/title>\n<meta name=\"robots\" content=\"index, follow, max-snippet:-1, max-image-preview:large, max-video-preview:-1\" \/>\n<link rel=\"canonical\" href=\"https:\/\/www.cortijoelpuerto.com\/en\/una-coleccion-oro-terraolivo-2017\/\" \/>\n<meta property=\"og:locale\" content=\"en_US\" \/>\n<meta property=\"og:type\" content=\"article\" \/>\n<meta property=\"og:title\" content=\"Una Colecci\u00f3n de Oro en TERRAOLIVO 2017 - Cortijo el Puerto 100% Ecol\u00f3gico y Biodin\u00e1mico\" \/>\n<meta property=\"og:description\" content=\"La Colecci\u00f3n Granja de AOVE de Cortijo el Puerto obtiene seis Medallas de Oro y tres premios al mejor Dise\u00f1o de Packaging en TERRAOLIVO 2017. Estamos emocionados por el \u00e9xito que han conseguido los seis Aceites de Oliva Virgen Extra (AOVE) en TERRAOLIVO 2017, competici\u00f3n Mediterr\u00e1nea Internacional del Aceite de Oliva Virgen Extra, celebrada entre [&hellip;]\" \/>\n<meta property=\"og:url\" content=\"https:\/\/www.cortijoelpuerto.com\/en\/una-coleccion-oro-terraolivo-2017\/\" \/>\n<meta property=\"og:site_name\" content=\"Cortijo el Puerto 100% Ecol\u00f3gico y Biodin\u00e1mico\" \/>\n<meta property=\"article:published_time\" content=\"2017-06-23T07:27:34+00:00\" \/>\n<meta property=\"article:modified_time\" content=\"2025-07-01T08:56:39+00:00\" \/>\n<meta property=\"og:image\" content=\"https:\/\/www.cortijoelpuerto.com\/wp-content\/uploads\/2025\/06\/Cortijo-el-Puerto-Arbequina-Gran-Prestige-Gold-1-scaled.jpg\" \/>\n\t<meta property=\"og:image:width\" content=\"2560\" \/>\n\t<meta property=\"og:image:height\" content=\"1811\" \/>\n\t<meta property=\"og:image:type\" content=\"image\/jpeg\" \/>\n<meta name=\"author\" content=\"cortpuertadmin\" \/>\n<meta name=\"twitter:card\" content=\"summary_large_image\" \/>\n<meta name=\"twitter:label1\" content=\"Written by\" \/>\n\t<meta name=\"twitter:data1\" content=\"cortpuertadmin\" \/>\n\t<meta name=\"twitter:label2\" content=\"Est. reading time\" \/>\n\t<meta name=\"twitter:data2\" content=\"1 minute\" \/>\n<script type=\"application\/ld+json\" class=\"yoast-schema-graph\">{\"@context\":\"https:\\\/\\\/schema.org\",\"@graph\":[{\"@type\":\"Article\",\"@id\":\"https:\\\/\\\/www.cortijoelpuerto.com\\\/en\\\/una-coleccion-oro-terraolivo-2017\\\/#article\",\"isPartOf\":{\"@id\":\"https:\\\/\\\/www.cortijoelpuerto.com\\\/en\\\/una-coleccion-oro-terraolivo-2017\\\/\"},\"author\":{\"name\":\"cortpuertadmin\",\"@id\":\"https:\\\/\\\/www.cortijoelpuerto.com\\\/en\\\/#\\\/schema\\\/person\\\/73ba7185813001a8d176886f4153ca2d\"},\"headline\":\"Una Colecci\u00f3n de Oro en TERRAOLIVO 2017\",\"datePublished\":\"2017-06-23T07:27:34+00:00\",\"dateModified\":\"2025-07-01T08:56:39+00:00\",\"mainEntityOfPage\":{\"@id\":\"https:\\\/\\\/www.cortijoelpuerto.com\\\/en\\\/una-coleccion-oro-terraolivo-2017\\\/\"},\"wordCount\":287,\"image\":{\"@id\":\"https:\\\/\\\/www.cortijoelpuerto.com\\\/en\\\/una-coleccion-oro-terraolivo-2017\\\/#primaryimage\"},\"thumbnailUrl\":\"https:\\\/\\\/www.cortijoelpuerto.com\\\/wp-content\\\/uploads\\\/2025\\\/06\\\/Cortijo-el-Puerto-Arbequina-Gran-Prestige-Gold-1-scaled.jpg\",\"keywords\":[\"EVOO Contests\",\"Organic EVOO Oliana variety Cortijo el Puerto\",\"Organic Extra Virgin Olive Oil Arbequina variety Cortjo el Puerto\",\"Organic Extra Virgin Olive Oil Arbosana variety Cortjo el Puerto\",\"Organic Extra Virgin Olive Oil Koroneiki variety Cortjo el Puerto\",\"Organic Extra Virgin Olive Oil Picual variety Cortjo el Puerto\",\"Organic Extra Virgin Olive Oil Picudo variety Cortjo el Puerto\"],\"articleSection\":[\"NEWS AND EVENTS\"],\"inLanguage\":\"en-US\"},{\"@type\":\"WebPage\",\"@id\":\"https:\\\/\\\/www.cortijoelpuerto.com\\\/en\\\/una-coleccion-oro-terraolivo-2017\\\/\",\"url\":\"https:\\\/\\\/www.cortijoelpuerto.com\\\/en\\\/una-coleccion-oro-terraolivo-2017\\\/\",\"name\":\"Una Colecci\u00f3n de Oro en TERRAOLIVO 2017 - Cortijo el Puerto 100% Ecol\u00f3gico y Biodin\u00e1mico\",\"isPartOf\":{\"@id\":\"https:\\\/\\\/www.cortijoelpuerto.com\\\/en\\\/#website\"},\"primaryImageOfPage\":{\"@id\":\"https:\\\/\\\/www.cortijoelpuerto.com\\\/en\\\/una-coleccion-oro-terraolivo-2017\\\/#primaryimage\"},\"image\":{\"@id\":\"https:\\\/\\\/www.cortijoelpuerto.com\\\/en\\\/una-coleccion-oro-terraolivo-2017\\\/#primaryimage\"},\"thumbnailUrl\":\"https:\\\/\\\/www.cortijoelpuerto.com\\\/wp-content\\\/uploads\\\/2025\\\/06\\\/Cortijo-el-Puerto-Arbequina-Gran-Prestige-Gold-1-scaled.jpg\",\"datePublished\":\"2017-06-23T07:27:34+00:00\",\"dateModified\":\"2025-07-01T08:56:39+00:00\",\"author\":{\"@id\":\"https:\\\/\\\/www.cortijoelpuerto.com\\\/en\\\/#\\\/schema\\\/person\\\/73ba7185813001a8d176886f4153ca2d\"},\"breadcrumb\":{\"@id\":\"https:\\\/\\\/www.cortijoelpuerto.com\\\/en\\\/una-coleccion-oro-terraolivo-2017\\\/#breadcrumb\"},\"inLanguage\":\"en-US\",\"potentialAction\":[{\"@type\":\"ReadAction\",\"target\":[\"https:\\\/\\\/www.cortijoelpuerto.com\\\/en\\\/una-coleccion-oro-terraolivo-2017\\\/\"]}]},{\"@type\":\"ImageObject\",\"inLanguage\":\"en-US\",\"@id\":\"https:\\\/\\\/www.cortijoelpuerto.com\\\/en\\\/una-coleccion-oro-terraolivo-2017\\\/#primaryimage\",\"url\":\"https:\\\/\\\/www.cortijoelpuerto.com\\\/wp-content\\\/uploads\\\/2025\\\/06\\\/Cortijo-el-Puerto-Arbequina-Gran-Prestige-Gold-1-scaled.jpg\",\"contentUrl\":\"https:\\\/\\\/www.cortijoelpuerto.com\\\/wp-content\\\/uploads\\\/2025\\\/06\\\/Cortijo-el-Puerto-Arbequina-Gran-Prestige-Gold-1-scaled.jpg\",\"width\":2560,\"height\":1811},{\"@type\":\"BreadcrumbList\",\"@id\":\"https:\\\/\\\/www.cortijoelpuerto.com\\\/en\\\/una-coleccion-oro-terraolivo-2017\\\/#breadcrumb\",\"itemListElement\":[{\"@type\":\"ListItem\",\"position\":1,\"name\":\"Portada\",\"item\":\"https:\\\/\\\/www.cortijoelpuerto.com\\\/en\\\/\"},{\"@type\":\"ListItem\",\"position\":2,\"name\":\"Una Colecci\u00f3n de Oro en TERRAOLIVO 2017\"}]},{\"@type\":\"WebSite\",\"@id\":\"https:\\\/\\\/www.cortijoelpuerto.com\\\/en\\\/#website\",\"url\":\"https:\\\/\\\/www.cortijoelpuerto.com\\\/en\\\/\",\"name\":\"Cortijo el Puerto 100% Ecol\u00f3gico y Biodin\u00e1mico\",\"description\":\"\",\"potentialAction\":[{\"@type\":\"SearchAction\",\"target\":{\"@type\":\"EntryPoint\",\"urlTemplate\":\"https:\\\/\\\/www.cortijoelpuerto.com\\\/en\\\/?s={search_term_string}\"},\"query-input\":{\"@type\":\"PropertyValueSpecification\",\"valueRequired\":true,\"valueName\":\"search_term_string\"}}],\"inLanguage\":\"en-US\"},{\"@type\":\"Person\",\"@id\":\"https:\\\/\\\/www.cortijoelpuerto.com\\\/en\\\/#\\\/schema\\\/person\\\/73ba7185813001a8d176886f4153ca2d\",\"name\":\"cortpuertadmin\",\"image\":{\"@type\":\"ImageObject\",\"inLanguage\":\"en-US\",\"@id\":\"https:\\\/\\\/secure.gravatar.com\\\/avatar\\\/5d655c060725b194267bd40743963013959f94651381febb318b850a1e023ca8?s=96&d=mm&r=g\",\"url\":\"https:\\\/\\\/secure.gravatar.com\\\/avatar\\\/5d655c060725b194267bd40743963013959f94651381febb318b850a1e023ca8?s=96&d=mm&r=g\",\"contentUrl\":\"https:\\\/\\\/secure.gravatar.com\\\/avatar\\\/5d655c060725b194267bd40743963013959f94651381febb318b850a1e023ca8?s=96&d=mm&r=g\",\"caption\":\"cortpuertadmin\"},\"sameAs\":[\"https:\\\/\\\/cortijoelpuerto.com\\\/nuevaweb\"],\"url\":\"https:\\\/\\\/www.cortijoelpuerto.com\\\/en\\\/author\\\/cortpuertadmin\\\/\"}]}<\/script>\n<!-- \/ Yoast SEO plugin. -->","yoast_head_json":{"title":"Una Colecci\u00f3n de Oro en TERRAOLIVO 2017 - Cortijo el Puerto 100% Ecol\u00f3gico y Biodin\u00e1mico","robots":{"index":"index","follow":"follow","max-snippet":"max-snippet:-1","max-image-preview":"max-image-preview:large","max-video-preview":"max-video-preview:-1"},"canonical":"https:\/\/www.cortijoelpuerto.com\/en\/una-coleccion-oro-terraolivo-2017\/","og_locale":"en_US","og_type":"article","og_title":"Una Colecci\u00f3n de Oro en TERRAOLIVO 2017 - Cortijo el Puerto 100% Ecol\u00f3gico y Biodin\u00e1mico","og_description":"La Colecci\u00f3n Granja de AOVE de Cortijo el Puerto obtiene seis Medallas de Oro y tres premios al mejor Dise\u00f1o de Packaging en TERRAOLIVO 2017. Estamos emocionados por el \u00e9xito que han conseguido los seis Aceites de Oliva Virgen Extra (AOVE) en TERRAOLIVO 2017, competici\u00f3n Mediterr\u00e1nea Internacional del Aceite de Oliva Virgen Extra, celebrada entre [&hellip;]","og_url":"https:\/\/www.cortijoelpuerto.com\/en\/una-coleccion-oro-terraolivo-2017\/","og_site_name":"Cortijo el Puerto 100% Ecol\u00f3gico y Biodin\u00e1mico","article_published_time":"2017-06-23T07:27:34+00:00","article_modified_time":"2025-07-01T08:56:39+00:00","og_image":[{"width":2560,"height":1811,"url":"https:\/\/www.cortijoelpuerto.com\/wp-content\/uploads\/2025\/06\/Cortijo-el-Puerto-Arbequina-Gran-Prestige-Gold-1-scaled.jpg","type":"image\/jpeg"}],"author":"cortpuertadmin","twitter_card":"summary_large_image","twitter_misc":{"Written by":"cortpuertadmin","Est. reading time":"1 minute"},"schema":{"@context":"https:\/\/schema.org","@graph":[{"@type":"Article","@id":"https:\/\/www.cortijoelpuerto.com\/en\/una-coleccion-oro-terraolivo-2017\/#article","isPartOf":{"@id":"https:\/\/www.cortijoelpuerto.com\/en\/una-coleccion-oro-terraolivo-2017\/"},"author":{"name":"cortpuertadmin","@id":"https:\/\/www.cortijoelpuerto.com\/en\/#\/schema\/person\/73ba7185813001a8d176886f4153ca2d"},"headline":"Una Colecci\u00f3n de Oro en TERRAOLIVO 2017","datePublished":"2017-06-23T07:27:34+00:00","dateModified":"2025-07-01T08:56:39+00:00","mainEntityOfPage":{"@id":"https:\/\/www.cortijoelpuerto.com\/en\/una-coleccion-oro-terraolivo-2017\/"},"wordCount":287,"image":{"@id":"https:\/\/www.cortijoelpuerto.com\/en\/una-coleccion-oro-terraolivo-2017\/#primaryimage"},"thumbnailUrl":"https:\/\/www.cortijoelpuerto.com\/wp-content\/uploads\/2025\/06\/Cortijo-el-Puerto-Arbequina-Gran-Prestige-Gold-1-scaled.jpg","keywords":["EVOO Contests","Organic EVOO Oliana variety Cortijo el Puerto","Organic Extra Virgin Olive Oil Arbequina variety Cortjo el Puerto","Organic Extra Virgin Olive Oil Arbosana variety Cortjo el Puerto","Organic Extra Virgin Olive Oil Koroneiki variety Cortjo el Puerto","Organic Extra Virgin Olive Oil Picual variety Cortjo el Puerto","Organic Extra Virgin Olive Oil Picudo variety Cortjo el Puerto"],"articleSection":["NEWS AND EVENTS"],"inLanguage":"en-US"},{"@type":"WebPage","@id":"https:\/\/www.cortijoelpuerto.com\/en\/una-coleccion-oro-terraolivo-2017\/","url":"https:\/\/www.cortijoelpuerto.com\/en\/una-coleccion-oro-terraolivo-2017\/","name":"Una Colecci\u00f3n de Oro en TERRAOLIVO 2017 - Cortijo el Puerto 100% Ecol\u00f3gico y Biodin\u00e1mico","isPartOf":{"@id":"https:\/\/www.cortijoelpuerto.com\/en\/#website"},"primaryImageOfPage":{"@id":"https:\/\/www.cortijoelpuerto.com\/en\/una-coleccion-oro-terraolivo-2017\/#primaryimage"},"image":{"@id":"https:\/\/www.cortijoelpuerto.com\/en\/una-coleccion-oro-terraolivo-2017\/#primaryimage"},"thumbnailUrl":"https:\/\/www.cortijoelpuerto.com\/wp-content\/uploads\/2025\/06\/Cortijo-el-Puerto-Arbequina-Gran-Prestige-Gold-1-scaled.jpg","datePublished":"2017-06-23T07:27:34+00:00","dateModified":"2025-07-01T08:56:39+00:00","author":{"@id":"https:\/\/www.cortijoelpuerto.com\/en\/#\/schema\/person\/73ba7185813001a8d176886f4153ca2d"},"breadcrumb":{"@id":"https:\/\/www.cortijoelpuerto.com\/en\/una-coleccion-oro-terraolivo-2017\/#breadcrumb"},"inLanguage":"en-US","potentialAction":[{"@type":"ReadAction","target":["https:\/\/www.cortijoelpuerto.com\/en\/una-coleccion-oro-terraolivo-2017\/"]}]},{"@type":"ImageObject","inLanguage":"en-US","@id":"https:\/\/www.cortijoelpuerto.com\/en\/una-coleccion-oro-terraolivo-2017\/#primaryimage","url":"https:\/\/www.cortijoelpuerto.com\/wp-content\/uploads\/2025\/06\/Cortijo-el-Puerto-Arbequina-Gran-Prestige-Gold-1-scaled.jpg","contentUrl":"https:\/\/www.cortijoelpuerto.com\/wp-content\/uploads\/2025\/06\/Cortijo-el-Puerto-Arbequina-Gran-Prestige-Gold-1-scaled.jpg","width":2560,"height":1811},{"@type":"BreadcrumbList","@id":"https:\/\/www.cortijoelpuerto.com\/en\/una-coleccion-oro-terraolivo-2017\/#breadcrumb","itemListElement":[{"@type":"ListItem","position":1,"name":"Portada","item":"https:\/\/www.cortijoelpuerto.com\/en\/"},{"@type":"ListItem","position":2,"name":"Una Colecci\u00f3n de Oro en TERRAOLIVO 2017"}]},{"@type":"WebSite","@id":"https:\/\/www.cortijoelpuerto.com\/en\/#website","url":"https:\/\/www.cortijoelpuerto.com\/en\/","name":"Cortijo el Puerto 100% Ecol\u00f3gico y Biodin\u00e1mico","description":"","potentialAction":[{"@type":"SearchAction","target":{"@type":"EntryPoint","urlTemplate":"https:\/\/www.cortijoelpuerto.com\/en\/?s={search_term_string}"},"query-input":{"@type":"PropertyValueSpecification","valueRequired":true,"valueName":"search_term_string"}}],"inLanguage":"en-US"},{"@type":"Person","@id":"https:\/\/www.cortijoelpuerto.com\/en\/#\/schema\/person\/73ba7185813001a8d176886f4153ca2d","name":"cortpuertadmin","image":{"@type":"ImageObject","inLanguage":"en-US","@id":"https:\/\/secure.gravatar.com\/avatar\/5d655c060725b194267bd40743963013959f94651381febb318b850a1e023ca8?s=96&d=mm&r=g","url":"https:\/\/secure.gravatar.com\/avatar\/5d655c060725b194267bd40743963013959f94651381febb318b850a1e023ca8?s=96&d=mm&r=g","contentUrl":"https:\/\/secure.gravatar.com\/avatar\/5d655c060725b194267bd40743963013959f94651381febb318b850a1e023ca8?s=96&d=mm&r=g","caption":"cortpuertadmin"},"sameAs":["https:\/\/cortijoelpuerto.com\/nuevaweb"],"url":"https:\/\/www.cortijoelpuerto.com\/en\/author\/cortpuertadmin\/"}]}},"_links":{"self":[{"href":"https:\/\/www.cortijoelpuerto.com\/en\/wp-json\/wp\/v2\/posts\/21227","targetHints":{"allow":["GET"]}}],"collection":[{"href":"https:\/\/www.cortijoelpuerto.com\/en\/wp-json\/wp\/v2\/posts"}],"about":[{"href":"https:\/\/www.cortijoelpuerto.com\/en\/wp-json\/wp\/v2\/types\/post"}],"author":[{"embeddable":true,"href":"https:\/\/www.cortijoelpuerto.com\/en\/wp-json\/wp\/v2\/users\/1"}],"replies":[{"embeddable":true,"href":"https:\/\/www.cortijoelpuerto.com\/en\/wp-json\/wp\/v2\/comments?post=21227"}],"version-history":[{"count":0,"href":"https:\/\/www.cortijoelpuerto.com\/en\/wp-json\/wp\/v2\/posts\/21227\/revisions"}],"wp:featuredmedia":[{"embeddable":true,"href":"https:\/\/www.cortijoelpuerto.com\/en\/wp-json\/wp\/v2\/media\/19273"}],"wp:attachment":[{"href":"https:\/\/www.cortijoelpuerto.com\/en\/wp-json\/wp\/v2\/media?parent=21227"}],"wp:term":[{"taxonomy":"category","embeddable":true,"href":"https:\/\/www.cortijoelpuerto.com\/en\/wp-json\/wp\/v2\/categories?post=21227"},{"taxonomy":"post_tag","embeddable":true,"href":"https:\/\/www.cortijoelpuerto.com\/en\/wp-json\/wp\/v2\/tags?post=21227"}],"curies":[{"name":"wp","href":"https:\/\/api.w.org\/{rel}","templated":true}]}}