{"id":21272,"date":"2018-11-27T18:09:07","date_gmt":"2018-11-27T17:09:07","guid":{"rendered":"https:\/\/www.cortijoelpuerto.com\/black-merino-sheep\/"},"modified":"2025-07-01T10:59:38","modified_gmt":"2025-07-01T08:59:38","slug":"black-merino-sheep","status":"publish","type":"post","link":"https:\/\/www.cortijoelpuerto.com\/en\/black-merino-sheep\/","title":{"rendered":"Black Merino Sheep at Cortijo el Puerto: strong commitment to quality and biodiversity"},"content":{"rendered":"<p><img loading=\"lazy\" decoding=\"async\" class=\"aligncenter wp-image-8867\" src=\"https:\/\/www.cortijoelpuerto.com\/wp-content\/uploads\/2025\/06\/Cortijo-el-Puerto-Ovejas-merinas-negras.jpg\" alt=\"\" width=\"1564\" height=\"1040\" \/><\/p>\n<p style=\"text-align: justify;\"><span style=\"color: #808080;\">Black is also a trend at Cortijo el Puerto!<\/span><\/p>\n<p style=\"text-align: justify;\"><span style=\"color: #808080;\">This endangered species that live in our Organic Farm Cortijo el Puerto farm has attracted the attention of the media and has been highlighted in \u201cTierra y Mar\u201d (Land and Sea), a famous agribusiness and environmental journalism program that we invite you to see.<\/span><\/p>\n<p style=\"text-align: justify;\"><span style=\"color: #808080;\">The report highlights the ancestral character of black merino, being this one of the most historically relevant and economically influential breeds of sheep, specially prized for its wool. The merino black sheep is a local breed in the Spanish Andalusia and Extremadura regions, originated and improved around the 12th century and a distant descendant of the primitive merino, the wild ram Ovis aries vignei of Asia Minor.\u00a0It was instrumental in the economic development of 15th and 16th century Spain, which held a monopoly on its trade. The merino sheep has been used for a long time to produce wool, an important activity for the regional economy, but because of the fleece\u2019s dark colour, the black variety, impossible to dye, their care and raising was abandoned. Today it is considered an endangered species.\u00a0<\/span><\/p>\n<p style=\"text-align: justify;\"><span style=\"color: #808080;\">In <span style=\"color: #0000ff;\"><a style=\"color: #0000ff;\" href=\"https:\/\/www.google.com\/maps\/dir\/37.3645312,-5.9785216\/cortijo+el+puerto+lora+location\/@37.4789574,-6.0256114,10z\/data=!3m1!4b1!4m9!4m8!1m1!4e1!1m5!1m1!1s0xd12eef0e3d5f3eb:0x73e2d60cb1b2dfca!2m2!1d-5.512841!2d37.624755\">Cortijo el Puerto<\/a><\/span> (Lora del R\u00edo, Seville, Andalusia, Spain) we wanted to recover this valuable species and its genetic flow and we have offered them a job on our farm as an \u201cofficial brushcutter\u201d. We work 100% ecological livestock and are always aware of animal welfare. The report also highlights our commitment to ecology and biodiversity and our pioneering of a holistic project that integrates livestock and precision agriculture in olive and almond trees in hedgerow system, among other species.<\/span><\/p>\n<p style=\"text-align: justify;\"><span style=\"color: #808080;\">Cortijo el Puerto\u2019s commitment to biodiversity and ecology encompasses both flora and fauna, therefore we are organic <span style=\"color: #0000ff;\"><a style=\"color: #0000ff;\" href=\"http:\/\/www.caae.es\/\">certified<\/a> <\/span>in both Agriculture and Livestock.<\/span><\/p>\n<p style=\"text-align: justify;\"><span style=\"color: #808080;\"><img loading=\"lazy\" decoding=\"async\" class=\"aligncenter size-full wp-image-8896\" src=\"https:\/\/www.cortijoelpuerto.com\/wp-content\/uploads\/2025\/07\/Habitat-flora-fauna.png\" alt=\"\" width=\"1840\" height=\"297\" \/><\/span><\/p>\n<p style=\"text-align: justify;\"><span style=\"color: #808080;\">Our ecological project advocates for biodiversity and quality, supporting threatened and endangered species of both animals and plants. Now that the wind blows, Sheep have some very effective ways of keeping warm. Their wool insulates them, holding in body heat and resisting the penetration of water. May be some of you in snowy climates have seen sheep with a fresh layer of snow on their backs. The reason it doesn&#8217;t melt right away is because the body heat is kept in by the fleece.\u00a0<\/span><\/p>\n<p style=\"text-align: justify;\"><span style=\"color: #808080;\">Its wool is widely recognized for its high quality and properties:\u00a0<\/span><\/p>\n<p style=\"text-align: justify;\"><span style=\"color: #808080;\">\u00a0&#8211; Water repellent: repels water, prevents water from penetrating the fabric easily and keeps its transpiration capacity intact.<\/span><\/p>\n<p style=\"text-align: justify;\"><span style=\"color: #808080;\">&#8211; Magnificent thermal properties: maintains an ideal body temperature constantly. In situations of cold or heat the index of thermal variation in the body remains stable.\u00a0<\/span><\/p>\n<p style=\"text-align: justify;\"><span style=\"color: #808080;\">&#8211; Avoid itching and irritation: The fibers are thinner than other wool. Much softer to the touch and does not cause itching or irritation on the skin to those more sensitive.<\/span><\/p>\n<p style=\"text-align: justify;\"><span style=\"color: #808080;\">\u00a0&#8211; Delays the appearance of odors: has natural antimicrobial properties. The proper evaporation of sweat prevents the clothes from absorbing the salts and fats that the body secretes, which are the perfect habitat to generate bad odors.\u00a0<\/span><\/p>\n<p style=\"text-align: justify;\"><span style=\"color: #808080;\">&#8211; UV natural protection: Like human hair, merino wool contains keratin that is responsible for protecting and resisting fibers.\u00a0<\/span><\/p>\n<p style=\"text-align: justify;\"><span style=\"color: #808080;\">&#8211; Rejects dirt: Less humidity than conventional wool, which decreases the static electricity that attracts dust and environmental dirt.<\/span><\/p>\n<p style=\"text-align: justify;\"><span style=\"color: #808080;\">\u00a0&#8211; The merino wool is machine washable, it dries quickly. Just hanging the garment is enough in any kind of environment. <\/span><\/p>\n<p style=\"text-align: justify;\"><span style=\"color: #808080;\">\u00a0In addition, merino wool is renewable, recyclable and biodegradable and without any harm to the animal.\u00a0The main characters of this story are many: First things first, Black Merino Sheep, who browse the olive trees of the farm and who are also image in our ecological EVOO, then, Jos\u00e9 Hern\u00e1n, Pepe for us, Shepherd of this mixed herd, also Juan Antonio S\u00e1nchez (our Vet), Manuel Gonz\u00e1lez (foreman of Cortijo el Puerto) well aware of another endangered species,such as the \u201cruchos\u201d or donkeys that live on the farm, and of course our CEO and ideologue of this ecological project: Enrique de la Torre Li\u00e9bana.\u00a0<\/span><span style=\"color: #808080;\">All of them have been interviewed to learn more about this valuable species that we want to recover for biodiversity.\u00a0<\/span><\/p>\n<p style=\"text-align: justify;\"><span style=\"color: #808080;\">Wild and domestic diversity complement each other and the coexistence of species is not only possible but positive and enriching. With this humanistic and environmental consideration the report concludes and we invite you from here to visualize it.\u00a0We encourage you to get to know the Black Merino Sheep of Cortijo and the rest of the species of the farm that live and collaborate in this rich ecosystem.<\/span><\/p>\n<p><iframe loading=\"lazy\" title=\"Las Ovejas Merinas Negras de Cortijo el Puerto en Tierra y Mar (CSTV)\/ Biodynamische Landwirtschaft\" width=\"1080\" height=\"608\" src=\"https:\/\/www.youtube.com\/embed\/2vF5r-NTM9Y?feature=oembed\"  allow=\"accelerometer; autoplay; clipboard-write; encrypted-media; gyroscope; picture-in-picture; web-share\" referrerpolicy=\"strict-origin-when-cross-origin\" allowfullscreen><\/iframe><\/p>\n","protected":false},"excerpt":{"rendered":"<p>Black is also a trend in Cortijo el Puerto!<\/p>\n<p>This endangered species that live in our Organic Farm Cortijo el Puerto farm has attracted the attention of the media and has been highlighted in \u201cTierra y Mar\u201d(Land and Sea), a famous agribusiness and environmental journalism program that we invite you to see.<\/p>\n","protected":false},"author":1,"featured_media":19510,"comment_status":"closed","ping_status":"closed","sticky":false,"template":"","format":"standard","meta":{"_et_pb_use_builder":"","_et_pb_old_content":"","_et_gb_content_width":"","footnotes":""},"categories":[514,505,499],"tags":[586,587,584,580,563,567,588,573,511,576,589],"class_list":["post-21272","post","type-post","status-publish","format-standard","has-post-thumbnail","hentry","category-committed-to-the-environment","category-innovation-and-precision-agriculture","category-news-and-events","tag-animal-welfare","tag-black-merino-sheep","tag-certified-organic-livestock","tag-circular-economy","tag-commitment-to-biodiversity","tag-commitment-to-ecology","tag-endangered-species","tag-green-economy","tag-organic-olive-grove-innovation-for-quality-and-health","tag-organic-products","tag-wool"],"yoast_head":"<!-- This site is optimized with the Yoast SEO plugin v27.4 - https:\/\/yoast.com\/product\/yoast-seo-wordpress\/ -->\n<title>Black Merino Sheep at Cortijo el Puerto: strong commitment to quality and biodiversity - Cortijo el Puerto 100% Ecol\u00f3gico y Biodin\u00e1mico<\/title>\n<meta name=\"robots\" content=\"index, follow, max-snippet:-1, max-image-preview:large, max-video-preview:-1\" \/>\n<link rel=\"canonical\" href=\"https:\/\/www.cortijoelpuerto.com\/en\/black-merino-sheep\/\" \/>\n<meta property=\"og:locale\" content=\"en_US\" \/>\n<meta property=\"og:type\" content=\"article\" \/>\n<meta property=\"og:title\" content=\"Black Merino Sheep at Cortijo el Puerto: strong commitment to quality and biodiversity - Cortijo el Puerto 100% Ecol\u00f3gico y Biodin\u00e1mico\" \/>\n<meta property=\"og:description\" content=\"Black is also a trend in Cortijo el Puerto! This endangered species that live in our Organic Farm Cortijo el Puerto farm has attracted the attention of the media and has been highlighted in \u201cTierra y Mar\u201d(Land and Sea), a famous agribusiness and environmental journalism program that we invite you to see.\" \/>\n<meta property=\"og:url\" content=\"https:\/\/www.cortijoelpuerto.com\/en\/black-merino-sheep\/\" \/>\n<meta property=\"og:site_name\" content=\"Cortijo el Puerto 100% Ecol\u00f3gico y Biodin\u00e1mico\" \/>\n<meta property=\"article:published_time\" content=\"2018-11-27T17:09:07+00:00\" \/>\n<meta property=\"article:modified_time\" content=\"2025-07-01T08:59:38+00:00\" \/>\n<meta property=\"og:image\" content=\"https:\/\/www.cortijoelpuerto.com\/wp-content\/uploads\/2025\/06\/Cortijo-el-Puerto-Ovejas-merinas-negras.jpg\" \/>\n\t<meta property=\"og:image:width\" content=\"1280\" \/>\n\t<meta property=\"og:image:height\" content=\"851\" \/>\n\t<meta property=\"og:image:type\" content=\"image\/jpeg\" \/>\n<meta name=\"author\" content=\"cortpuertadmin\" \/>\n<meta name=\"twitter:card\" content=\"summary_large_image\" \/>\n<meta name=\"twitter:label1\" content=\"Written by\" \/>\n\t<meta name=\"twitter:data1\" content=\"cortpuertadmin\" \/>\n\t<meta name=\"twitter:label2\" content=\"Est. reading time\" \/>\n\t<meta name=\"twitter:data2\" content=\"4 minutes\" \/>\n<script type=\"application\/ld+json\" class=\"yoast-schema-graph\">{\"@context\":\"https:\\\/\\\/schema.org\",\"@graph\":[{\"@type\":\"Article\",\"@id\":\"https:\\\/\\\/www.cortijoelpuerto.com\\\/en\\\/black-merino-sheep\\\/#article\",\"isPartOf\":{\"@id\":\"https:\\\/\\\/www.cortijoelpuerto.com\\\/en\\\/black-merino-sheep\\\/\"},\"author\":{\"name\":\"cortpuertadmin\",\"@id\":\"https:\\\/\\\/www.cortijoelpuerto.com\\\/en\\\/#\\\/schema\\\/person\\\/73ba7185813001a8d176886f4153ca2d\"},\"headline\":\"Black Merino Sheep at Cortijo el Puerto: strong commitment to quality and biodiversity\",\"datePublished\":\"2018-11-27T17:09:07+00:00\",\"dateModified\":\"2025-07-01T08:59:38+00:00\",\"mainEntityOfPage\":{\"@id\":\"https:\\\/\\\/www.cortijoelpuerto.com\\\/en\\\/black-merino-sheep\\\/\"},\"wordCount\":774,\"image\":{\"@id\":\"https:\\\/\\\/www.cortijoelpuerto.com\\\/en\\\/black-merino-sheep\\\/#primaryimage\"},\"thumbnailUrl\":\"https:\\\/\\\/www.cortijoelpuerto.com\\\/wp-content\\\/uploads\\\/2025\\\/06\\\/Cortijo-el-Puerto-Ovejas-merinas-negras.jpg\",\"keywords\":[\"Animal Welfare\",\"Black Merino Sheep\",\"Certified Organic Livestock\",\"Circular economy\",\"Commitment to Biodiversity\",\"Commitment to Ecology\",\"Endangered Species\",\"Green Economy\",\"Organic Olive Grove: Innovation for Quality and Health\",\"Organic Products\",\"Wool\"],\"articleSection\":[\"COMMITTED TO THE ENVIRONMENT\",\"INNOVATION AND PRECISION AGRICULTURE\",\"NEWS AND EVENTS\"],\"inLanguage\":\"en-US\"},{\"@type\":\"WebPage\",\"@id\":\"https:\\\/\\\/www.cortijoelpuerto.com\\\/en\\\/black-merino-sheep\\\/\",\"url\":\"https:\\\/\\\/www.cortijoelpuerto.com\\\/en\\\/black-merino-sheep\\\/\",\"name\":\"Black Merino Sheep at Cortijo el Puerto: strong commitment to quality and biodiversity - Cortijo el Puerto 100% Ecol\u00f3gico y Biodin\u00e1mico\",\"isPartOf\":{\"@id\":\"https:\\\/\\\/www.cortijoelpuerto.com\\\/en\\\/#website\"},\"primaryImageOfPage\":{\"@id\":\"https:\\\/\\\/www.cortijoelpuerto.com\\\/en\\\/black-merino-sheep\\\/#primaryimage\"},\"image\":{\"@id\":\"https:\\\/\\\/www.cortijoelpuerto.com\\\/en\\\/black-merino-sheep\\\/#primaryimage\"},\"thumbnailUrl\":\"https:\\\/\\\/www.cortijoelpuerto.com\\\/wp-content\\\/uploads\\\/2025\\\/06\\\/Cortijo-el-Puerto-Ovejas-merinas-negras.jpg\",\"datePublished\":\"2018-11-27T17:09:07+00:00\",\"dateModified\":\"2025-07-01T08:59:38+00:00\",\"author\":{\"@id\":\"https:\\\/\\\/www.cortijoelpuerto.com\\\/en\\\/#\\\/schema\\\/person\\\/73ba7185813001a8d176886f4153ca2d\"},\"breadcrumb\":{\"@id\":\"https:\\\/\\\/www.cortijoelpuerto.com\\\/en\\\/black-merino-sheep\\\/#breadcrumb\"},\"inLanguage\":\"en-US\",\"potentialAction\":[{\"@type\":\"ReadAction\",\"target\":[\"https:\\\/\\\/www.cortijoelpuerto.com\\\/en\\\/black-merino-sheep\\\/\"]}]},{\"@type\":\"ImageObject\",\"inLanguage\":\"en-US\",\"@id\":\"https:\\\/\\\/www.cortijoelpuerto.com\\\/en\\\/black-merino-sheep\\\/#primaryimage\",\"url\":\"https:\\\/\\\/www.cortijoelpuerto.com\\\/wp-content\\\/uploads\\\/2025\\\/06\\\/Cortijo-el-Puerto-Ovejas-merinas-negras.jpg\",\"contentUrl\":\"https:\\\/\\\/www.cortijoelpuerto.com\\\/wp-content\\\/uploads\\\/2025\\\/06\\\/Cortijo-el-Puerto-Ovejas-merinas-negras.jpg\",\"width\":1280,\"height\":851},{\"@type\":\"BreadcrumbList\",\"@id\":\"https:\\\/\\\/www.cortijoelpuerto.com\\\/en\\\/black-merino-sheep\\\/#breadcrumb\",\"itemListElement\":[{\"@type\":\"ListItem\",\"position\":1,\"name\":\"Portada\",\"item\":\"https:\\\/\\\/www.cortijoelpuerto.com\\\/en\\\/\"},{\"@type\":\"ListItem\",\"position\":2,\"name\":\"Black Merino Sheep at Cortijo el Puerto: strong commitment to quality and biodiversity\"}]},{\"@type\":\"WebSite\",\"@id\":\"https:\\\/\\\/www.cortijoelpuerto.com\\\/en\\\/#website\",\"url\":\"https:\\\/\\\/www.cortijoelpuerto.com\\\/en\\\/\",\"name\":\"Cortijo el Puerto 100% Ecol\u00f3gico y Biodin\u00e1mico\",\"description\":\"\",\"potentialAction\":[{\"@type\":\"SearchAction\",\"target\":{\"@type\":\"EntryPoint\",\"urlTemplate\":\"https:\\\/\\\/www.cortijoelpuerto.com\\\/en\\\/?s={search_term_string}\"},\"query-input\":{\"@type\":\"PropertyValueSpecification\",\"valueRequired\":true,\"valueName\":\"search_term_string\"}}],\"inLanguage\":\"en-US\"},{\"@type\":\"Person\",\"@id\":\"https:\\\/\\\/www.cortijoelpuerto.com\\\/en\\\/#\\\/schema\\\/person\\\/73ba7185813001a8d176886f4153ca2d\",\"name\":\"cortpuertadmin\",\"image\":{\"@type\":\"ImageObject\",\"inLanguage\":\"en-US\",\"@id\":\"https:\\\/\\\/secure.gravatar.com\\\/avatar\\\/5d655c060725b194267bd40743963013959f94651381febb318b850a1e023ca8?s=96&d=mm&r=g\",\"url\":\"https:\\\/\\\/secure.gravatar.com\\\/avatar\\\/5d655c060725b194267bd40743963013959f94651381febb318b850a1e023ca8?s=96&d=mm&r=g\",\"contentUrl\":\"https:\\\/\\\/secure.gravatar.com\\\/avatar\\\/5d655c060725b194267bd40743963013959f94651381febb318b850a1e023ca8?s=96&d=mm&r=g\",\"caption\":\"cortpuertadmin\"},\"sameAs\":[\"https:\\\/\\\/cortijoelpuerto.com\\\/nuevaweb\"],\"url\":\"https:\\\/\\\/www.cortijoelpuerto.com\\\/en\\\/author\\\/cortpuertadmin\\\/\"}]}<\/script>\n<!-- \/ Yoast SEO plugin. -->","yoast_head_json":{"title":"Black Merino Sheep at Cortijo el Puerto: strong commitment to quality and biodiversity - Cortijo el Puerto 100% Ecol\u00f3gico y Biodin\u00e1mico","robots":{"index":"index","follow":"follow","max-snippet":"max-snippet:-1","max-image-preview":"max-image-preview:large","max-video-preview":"max-video-preview:-1"},"canonical":"https:\/\/www.cortijoelpuerto.com\/en\/black-merino-sheep\/","og_locale":"en_US","og_type":"article","og_title":"Black Merino Sheep at Cortijo el Puerto: strong commitment to quality and biodiversity - Cortijo el Puerto 100% Ecol\u00f3gico y Biodin\u00e1mico","og_description":"Black is also a trend in Cortijo el Puerto! This endangered species that live in our Organic Farm Cortijo el Puerto farm has attracted the attention of the media and has been highlighted in \u201cTierra y Mar\u201d(Land and Sea), a famous agribusiness and environmental journalism program that we invite you to see.","og_url":"https:\/\/www.cortijoelpuerto.com\/en\/black-merino-sheep\/","og_site_name":"Cortijo el Puerto 100% Ecol\u00f3gico y Biodin\u00e1mico","article_published_time":"2018-11-27T17:09:07+00:00","article_modified_time":"2025-07-01T08:59:38+00:00","og_image":[{"width":1280,"height":851,"url":"https:\/\/www.cortijoelpuerto.com\/wp-content\/uploads\/2025\/06\/Cortijo-el-Puerto-Ovejas-merinas-negras.jpg","type":"image\/jpeg"}],"author":"cortpuertadmin","twitter_card":"summary_large_image","twitter_misc":{"Written by":"cortpuertadmin","Est. reading time":"4 minutes"},"schema":{"@context":"https:\/\/schema.org","@graph":[{"@type":"Article","@id":"https:\/\/www.cortijoelpuerto.com\/en\/black-merino-sheep\/#article","isPartOf":{"@id":"https:\/\/www.cortijoelpuerto.com\/en\/black-merino-sheep\/"},"author":{"name":"cortpuertadmin","@id":"https:\/\/www.cortijoelpuerto.com\/en\/#\/schema\/person\/73ba7185813001a8d176886f4153ca2d"},"headline":"Black Merino Sheep at Cortijo el Puerto: strong commitment to quality and biodiversity","datePublished":"2018-11-27T17:09:07+00:00","dateModified":"2025-07-01T08:59:38+00:00","mainEntityOfPage":{"@id":"https:\/\/www.cortijoelpuerto.com\/en\/black-merino-sheep\/"},"wordCount":774,"image":{"@id":"https:\/\/www.cortijoelpuerto.com\/en\/black-merino-sheep\/#primaryimage"},"thumbnailUrl":"https:\/\/www.cortijoelpuerto.com\/wp-content\/uploads\/2025\/06\/Cortijo-el-Puerto-Ovejas-merinas-negras.jpg","keywords":["Animal Welfare","Black Merino Sheep","Certified Organic Livestock","Circular economy","Commitment to Biodiversity","Commitment to Ecology","Endangered Species","Green Economy","Organic Olive Grove: Innovation for Quality and Health","Organic Products","Wool"],"articleSection":["COMMITTED TO THE ENVIRONMENT","INNOVATION AND PRECISION AGRICULTURE","NEWS AND EVENTS"],"inLanguage":"en-US"},{"@type":"WebPage","@id":"https:\/\/www.cortijoelpuerto.com\/en\/black-merino-sheep\/","url":"https:\/\/www.cortijoelpuerto.com\/en\/black-merino-sheep\/","name":"Black Merino Sheep at Cortijo el Puerto: strong commitment to quality and biodiversity - Cortijo el Puerto 100% Ecol\u00f3gico y Biodin\u00e1mico","isPartOf":{"@id":"https:\/\/www.cortijoelpuerto.com\/en\/#website"},"primaryImageOfPage":{"@id":"https:\/\/www.cortijoelpuerto.com\/en\/black-merino-sheep\/#primaryimage"},"image":{"@id":"https:\/\/www.cortijoelpuerto.com\/en\/black-merino-sheep\/#primaryimage"},"thumbnailUrl":"https:\/\/www.cortijoelpuerto.com\/wp-content\/uploads\/2025\/06\/Cortijo-el-Puerto-Ovejas-merinas-negras.jpg","datePublished":"2018-11-27T17:09:07+00:00","dateModified":"2025-07-01T08:59:38+00:00","author":{"@id":"https:\/\/www.cortijoelpuerto.com\/en\/#\/schema\/person\/73ba7185813001a8d176886f4153ca2d"},"breadcrumb":{"@id":"https:\/\/www.cortijoelpuerto.com\/en\/black-merino-sheep\/#breadcrumb"},"inLanguage":"en-US","potentialAction":[{"@type":"ReadAction","target":["https:\/\/www.cortijoelpuerto.com\/en\/black-merino-sheep\/"]}]},{"@type":"ImageObject","inLanguage":"en-US","@id":"https:\/\/www.cortijoelpuerto.com\/en\/black-merino-sheep\/#primaryimage","url":"https:\/\/www.cortijoelpuerto.com\/wp-content\/uploads\/2025\/06\/Cortijo-el-Puerto-Ovejas-merinas-negras.jpg","contentUrl":"https:\/\/www.cortijoelpuerto.com\/wp-content\/uploads\/2025\/06\/Cortijo-el-Puerto-Ovejas-merinas-negras.jpg","width":1280,"height":851},{"@type":"BreadcrumbList","@id":"https:\/\/www.cortijoelpuerto.com\/en\/black-merino-sheep\/#breadcrumb","itemListElement":[{"@type":"ListItem","position":1,"name":"Portada","item":"https:\/\/www.cortijoelpuerto.com\/en\/"},{"@type":"ListItem","position":2,"name":"Black Merino Sheep at Cortijo el Puerto: strong commitment to quality and biodiversity"}]},{"@type":"WebSite","@id":"https:\/\/www.cortijoelpuerto.com\/en\/#website","url":"https:\/\/www.cortijoelpuerto.com\/en\/","name":"Cortijo el Puerto 100% Ecol\u00f3gico y Biodin\u00e1mico","description":"","potentialAction":[{"@type":"SearchAction","target":{"@type":"EntryPoint","urlTemplate":"https:\/\/www.cortijoelpuerto.com\/en\/?s={search_term_string}"},"query-input":{"@type":"PropertyValueSpecification","valueRequired":true,"valueName":"search_term_string"}}],"inLanguage":"en-US"},{"@type":"Person","@id":"https:\/\/www.cortijoelpuerto.com\/en\/#\/schema\/person\/73ba7185813001a8d176886f4153ca2d","name":"cortpuertadmin","image":{"@type":"ImageObject","inLanguage":"en-US","@id":"https:\/\/secure.gravatar.com\/avatar\/5d655c060725b194267bd40743963013959f94651381febb318b850a1e023ca8?s=96&d=mm&r=g","url":"https:\/\/secure.gravatar.com\/avatar\/5d655c060725b194267bd40743963013959f94651381febb318b850a1e023ca8?s=96&d=mm&r=g","contentUrl":"https:\/\/secure.gravatar.com\/avatar\/5d655c060725b194267bd40743963013959f94651381febb318b850a1e023ca8?s=96&d=mm&r=g","caption":"cortpuertadmin"},"sameAs":["https:\/\/cortijoelpuerto.com\/nuevaweb"],"url":"https:\/\/www.cortijoelpuerto.com\/en\/author\/cortpuertadmin\/"}]}},"_links":{"self":[{"href":"https:\/\/www.cortijoelpuerto.com\/en\/wp-json\/wp\/v2\/posts\/21272","targetHints":{"allow":["GET"]}}],"collection":[{"href":"https:\/\/www.cortijoelpuerto.com\/en\/wp-json\/wp\/v2\/posts"}],"about":[{"href":"https:\/\/www.cortijoelpuerto.com\/en\/wp-json\/wp\/v2\/types\/post"}],"author":[{"embeddable":true,"href":"https:\/\/www.cortijoelpuerto.com\/en\/wp-json\/wp\/v2\/users\/1"}],"replies":[{"embeddable":true,"href":"https:\/\/www.cortijoelpuerto.com\/en\/wp-json\/wp\/v2\/comments?post=21272"}],"version-history":[{"count":0,"href":"https:\/\/www.cortijoelpuerto.com\/en\/wp-json\/wp\/v2\/posts\/21272\/revisions"}],"wp:featuredmedia":[{"embeddable":true,"href":"https:\/\/www.cortijoelpuerto.com\/en\/wp-json\/wp\/v2\/media\/19510"}],"wp:attachment":[{"href":"https:\/\/www.cortijoelpuerto.com\/en\/wp-json\/wp\/v2\/media?parent=21272"}],"wp:term":[{"taxonomy":"category","embeddable":true,"href":"https:\/\/www.cortijoelpuerto.com\/en\/wp-json\/wp\/v2\/categories?post=21272"},{"taxonomy":"post_tag","embeddable":true,"href":"https:\/\/www.cortijoelpuerto.com\/en\/wp-json\/wp\/v2\/tags?post=21272"}],"curies":[{"name":"wp","href":"https:\/\/api.w.org\/{rel}","templated":true}]}}