{"id":21331,"date":"2020-10-26T15:41:50","date_gmt":"2020-10-26T14:41:50","guid":{"rendered":"https:\/\/www.cortijoelpuerto.com\/alimentos-de-espana-awards-ceremony-ingeoliva-cortijo-el-puerto-organic-production-award\/"},"modified":"2025-07-01T11:04:55","modified_gmt":"2025-07-01T09:04:55","slug":"alimentos-de-espana-awards-ceremony-ingeoliva-cortijo-el-puerto-organic-production-award","status":"publish","type":"post","link":"https:\/\/www.cortijoelpuerto.com\/en\/alimentos-de-espana-awards-ceremony-ingeoliva-cortijo-el-puerto-organic-production-award\/","title":{"rendered":"\u201cAlimentos de Espa\u00f1a\u201d Awards Ceremony: IngeOliva Cortijo el Puerto Organic Production Award"},"content":{"rendered":"<div id=\"tw-target-text-container\" class=\"tw-ta-container hide-focus-ring tw-nfl\" tabindex=\"0\">\n<p id=\"tw-target-text\" class=\"tw-data-text tw-text-large XcVN5d tw-ta\" dir=\"ltr\" data-placeholder=\"Translation\"><span lang=\"en\"><img loading=\"lazy\" decoding=\"async\" class=\"aligncenter wp-image-11108 size-full\" title=\"Organic production awards IngeOliva Cortijo el Puerto Premio alimentos de Espa\u00f1a\" src=\"https:\/\/www.cortijoelpuerto.com\/wp-content\/uploads\/2025\/06\/Premio-alimentos-de-espana-202_IngeOliva_Cortijo-el-Puerto_-produccion-ecologica_QQ.png\" alt=\"Organic Awards Premio Alimentos de Espa\u00f1a 2020_IngeOliva_Cortijo el Puerto_ producci\u00f3n ecol\u00f3gica_QQ\" width=\"1235\" height=\"638\" \/><\/span><\/p>\n<p class=\"tw-data-text tw-text-large XcVN5d tw-ta\" dir=\"ltr\" style=\"text-align: justify;\" data-placeholder=\"Translation\"><span lang=\"en\"><span style=\"color: #808080;\">Emotional \u00abALIMENTOS DE ESPA\u00d1A AWARD\u00bb ceremony, a fundamental milestone in our young company, IngeOliva-Cortijo el Puerto, awarded in the Organic Production category.<\/span> <\/span><\/p>\n<p class=\"tw-data-text tw-text-large XcVN5d tw-ta\" dir=\"ltr\" style=\"text-align: justify;\" data-placeholder=\"Translation\"><span lang=\"en\"><img loading=\"lazy\" decoding=\"async\" class=\"aligncenter size-full wp-image-11102\" src=\"https:\/\/www.cortijoelpuerto.com\/wp-content\/uploads\/2025\/06\/Premio-alimentos-de-espana-202_IngeOliva_Cortijo-el-Puerto_-produccion-ecologica_logo-1.png\" alt=\"Premio alimentos de espa\u00f1a 202_IngeOliva_Cortijo el Puerto_ producci\u00f3n ecol\u00f3gica_logo\" width=\"1235\" height=\"631\" \/><\/span><\/p>\n<p class=\"tw-data-text tw-text-large XcVN5d tw-ta\" dir=\"ltr\" style=\"text-align: justify;\" data-placeholder=\"Translation\"><span lang=\"en\"><span style=\"color: #808080;\">On October 22 in Madrid it took place with a limited capacity due to health restrictions. The event, chaired by the Minister of Agriculture, Fisheries and Food<\/span> <span style=\"color: #808080;\">(<\/span><a href=\"https:\/\/www.mapa.gob.es\/es\/\">Ministerio de Agricultura, Pesca y Alimentaci\u00f3n)<\/a><span style=\"color: #808080;\">, Luis Planas, and led by Sergio Sauca, performed the ceremony for the delivery of the XXXII Food Awards of Spain, aimed at rewarding those who represent the best of all that is good, the excellence in our country in the field of food and gastronomy. Our sincere gratitude to the Ministry of Agriculture, Fisheries and Food and then whole organization team.\u00a0<\/span> <\/span><\/p>\n<p class=\"tw-data-text tw-text-large XcVN5d tw-ta\" dir=\"ltr\" style=\"text-align: justify;\" data-placeholder=\"Translation\"><span lang=\"en\"><img loading=\"lazy\" decoding=\"async\" class=\"aligncenter size-full wp-image-11112\" src=\"https:\/\/www.cortijoelpuerto.com\/wp-content\/uploads\/2025\/06\/premiosalimentosdeespana_2020_Ingeoliva-cortijo-el-puerto-produccion-ecologica.jpg\" alt=\"Organic Production IngeOliva cortijo el puerto premio alimentos de espa\u00f1a\" width=\"1257\" height=\"768\" \/><\/span><\/p>\n<p class=\"tw-data-text tw-text-large XcVN5d tw-ta\" dir=\"ltr\" style=\"text-align: justify;\" data-placeholder=\"Translation\"><span lang=\"en\"><span style=\"color: #808080;\">This award, convened annually since 1987, recognises the work carried out by companies and professionals who have distinguished themselves by producing, offering and disseminating Spanish quality food, as well as their contribution to the development of the Spanish food sector in a sustainable and efficient way. <\/span><\/span><\/p>\n<p class=\"tw-data-text tw-text-large XcVN5d tw-ta\" dir=\"ltr\" style=\"text-align: justify;\" data-placeholder=\"Translation\"><span lang=\"en\"><span style=\"color: #808080;\"><img loading=\"lazy\" decoding=\"async\" class=\"aligncenter wp-image-11162 size-full\" title=\"IngeOliva Cortijo el Puerto Premio alimentos de espa\u00f1a ecol\u00f3gica Enrique de la Torre\" src=\"https:\/\/www.cortijoelpuerto.com\/wp-content\/uploads\/2025\/07\/IngeOliva-Cortijo-el-Puerto-Premio-alimentos-de-espana-ecologica-Enrique-de-la-Torre2-1-scaled-1.jpg\" alt=\"IngeOliva Cortijo el Puerto Premio alimentos de espa\u00f1a ecol\u00f3gica Enrique de la Torre\" width=\"2560\" height=\"1707\" \/><\/span><\/span><\/p>\n<p class=\"tw-data-text tw-text-large XcVN5d tw-ta\" dir=\"ltr\" style=\"text-align: justify;\" data-placeholder=\"Translation\"><span lang=\"en\"><span style=\"color: #808080;\">The winners have been chosen from 120 nominations. For the deliberations, a jury made up of personalities with extensive experience and knowledge of the agri-food and fishing sector has been counted on.<\/span><br \/>\n<\/span><\/p>\n<\/div>\n<p style=\"text-align: justify;\"><img loading=\"lazy\" decoding=\"async\" class=\"aligncenter size-full wp-image-10998\" src=\"https:\/\/www.cortijoelpuerto.com\/wp-content\/uploads\/2025\/06\/Premio-alimentos-de-Espana-Produccion-ecologica-IngeOliva-Cortijo-el-Puerto-2.jpg\" alt=\"\" width=\"238\" height=\"212\" \/><\/p>\n<div id=\"tw-target-text-container\" class=\"tw-ta-container hide-focus-ring tw-nfl\" style=\"text-align: justify;\" tabindex=\"0\">\n<p id=\"tw-target-text\" class=\"tw-data-text tw-text-large XcVN5d tw-ta\" dir=\"ltr\" data-placeholder=\"Translation\"><span lang=\"en\" style=\"color: #808080;\">The sobriety of the event due to the circumstances has not prevented the winners from saying a few words of thanks. The CEO of IngeOliva- Cortijo el Puerto, Enrique de la Torre Li\u00e9bana, highlighted ecology and the promotion of biodiversity as part of our DNA and formula for a sustainable future and, excited, the family character of the company in a sincere tribute and dedication to his parents, head and soul of this project, absent due to current restrictions.<\/span><\/p>\n<\/div>\n<div id=\"tw-target-rmn-container\" class=\"tw-ta-container hide-focus-ring tw-nfl\" style=\"text-align: justify;\">\n<pre id=\"tw-target-rmn\" class=\"tw-data-placeholder tw-text-small tw-ta\" dir=\"ltr\" data-placeholder=\"\"><img loading=\"lazy\" decoding=\"async\" class=\"aligncenter wp-image-11116 size-full\" title=\"Organic production family business ingeoliva cortijo el puerto\" src=\"https:\/\/www.cortijoelpuerto.com\/wp-content\/uploads\/2025\/06\/Cortijo-el-Puerto-Una-empresa-familiar_el-origen.jpeg\" alt=\"Ingeoliva cortijo el puerto family business\" width=\"1280\" height=\"851\" \/><\/pre>\n<\/div>\n<p style=\"text-align: justify;\"><span style=\"color: #808080;\">Straight from the heart, our congratulations also to the winners in the other categories, very significantly to the Extraordinary Food Prize of Spain 2019 awarded to the Spanish Federation of Food Banks (FESBAL), the food bank and its meaningful role always and especially in these days.<\/span><\/p>\n<p style=\"text-align: justify;\"><strong><a href=\"https:\/\/www.alimentosdespana.es\/es\/premios\/premio-alimentos-de-espana\/\"><img loading=\"lazy\" decoding=\"async\" class=\"aligncenter wp-image-11000 \" src=\"https:\/\/www.cortijoelpuerto.com\/wp-content\/uploads\/2025\/06\/Premio-alimentos-de-Espana-Produccion-ecologica-IngeOliva-Cortijo-el-Puerto-3.jpg\" sizes=\"(min-width: 0px) and (max-width: 480px) 480px, (min-width: 481px) 950px, 100vw\" srcset=\"https:\/\/www.cortijoelpuerto.com\/wp-content\/uploads\/2025\/06\/Premio-alimentos-de-Espana-Produccion-ecologica-IngeOliva-Cortijo-el-Puerto-3.jpg 950w, https:\/\/www.cortijoelpuerto.com\/antigua\/wp-content\/uploads\/2020\/08\/Premio-alimentos-de-Espa\u00f1a-Producci\u00f3n-ecol\u00f3gica-IngeOliva-Cortijo-el-Puerto-3-480x358.jpg 480w\" alt=\"\" width=\"1176\" height=\"878\" \/><\/a><\/strong><\/p>\n<h4 style=\"text-align: justify;\"><span style=\"color: #008000;\"><strong>ORGANIC PRODUCTION AWARD\u00a0<\/strong><\/span><\/h4>\n<p style=\"text-align: justify;\"><span style=\"color: #808080;\"><a href=\"https:\/\/www.cortijoelpuerto.com\/en\/our-ecosystem\/\">INGEOLIVA. S.L. (Cortijo el Puerto)<\/a> is a family business with a conscious and committed team in a comprehensive project of ecological and precision agriculture and livestock.<\/span><\/p>\n<p style=\"text-align: justify;\"><img loading=\"lazy\" decoding=\"async\" class=\"aligncenter wp-image-11021\" title=\"innovative SME cortijo el Puerto ingeoliva Organic production\" src=\"https:\/\/www.cortijoelpuerto.com\/wp-content\/uploads\/2025\/07\/pyme_innovadora_meic-EN_web-1.png\" alt=\"innovative SME cortijo el Puerto ingeoliva Organic production\" width=\"307\" height=\"399\" \/><\/p>\n<p style=\"text-align: justify;\"><span style=\"color: #808080;\">We work on the innovation of the olive and almond trees. 100% organic &amp; biodynamic, we produce extra virgin olive oil and almonds.<\/span> <a href=\"https:\/\/www.cortijoelpuerto.com\/en\/black-merino-sheep\/\">We are committed to the ecological breeding of native and endangered sheep, along with chickens from indigenous breeds<\/a>. <span style=\"color: #808080;\">We grow citrus. We are committed to the natural biological fight, the environmental improvement and the recovery of the biodiversity. Cortijo el Puerto has two foundations that are, in turn, challenges and commitments:<\/span><\/p>\n<p style=\"text-align: justify;\"><span style=\"color: #808080;\"><img loading=\"lazy\" decoding=\"async\" class=\"wp-image-10919 alignleft\" src=\"https:\/\/www.cortijoelpuerto.com\/wp-content\/uploads\/2025\/06\/rama_de_olivo-removebg-preview.png\" alt=\"\" width=\"46\" height=\"32\" \/>Sustainable organic production. We are 100%<\/span>\u00a0<a href=\"https:\/\/www.cortijoelpuerto.com\/en\/beyond-ecological-modelling-cortijo-el-puerto-certified-biodynamic-farm\/\">organic and biodynamic<\/a><\/p>\n<p style=\"text-align: justify;\"><a href=\"https:\/\/www.cortijoelpuerto.com\/mas-alla-de-lo-ecologico-cortijo-el-puerto-certificada-granja-biodinamica\/\"><img loading=\"lazy\" decoding=\"async\" class=\"aligncenter wp-image-9898\" src=\"https:\/\/www.cortijoelpuerto.com\/wp-content\/uploads\/2025\/06\/Cortijo-el-Puerto_Ecologia-y-biodinamica_bidynamic-and-Organic-production.jpg\" sizes=\"(min-width: 0px) and (max-width: 480px) 480px, (min-width: 481px) and (max-width: 980px) 980px, (min-width: 981px) 994px, 100vw\" srcset=\"https:\/\/www.cortijoelpuerto.com\/wp-content\/uploads\/2025\/06\/Cortijo-el-Puerto_Ecologia-y-biodinamica_bidynamic-and-Organic-production.jpg 994w, https:\/\/www.cortijoelpuerto.com\/antigua\/wp-content\/uploads\/2019\/11\/Cortijo-el-Puerto_Ecolog\u00eda-y-biodin\u00e1mica_bidynamic-and-Organic-production-980x556.jpg 980w, https:\/\/www.cortijoelpuerto.com\/antigua\/wp-content\/uploads\/2019\/11\/Cortijo-el-Puerto_Ecolog\u00eda-y-biodin\u00e1mica_bidynamic-and-Organic-production-480x272.jpg 480w\" alt=\"Cortijo el Puerto_Ecolog\u00eda y biodin\u00e1mica_bidynamic and Organic production\" width=\"994\" height=\"565\" \/><\/a><\/p>\n<p style=\"text-align: justify;\"><img loading=\"lazy\" decoding=\"async\" class=\"wp-image-10919 alignleft\" src=\"https:\/\/www.cortijoelpuerto.com\/wp-content\/uploads\/2025\/06\/rama_de_olivo-removebg-preview.png\" alt=\"\" width=\"46\" height=\"32\" \/><a href=\"https:\/\/www.cortijoelpuerto.com\/en\/cortijo-el-puerto-in-network-organic-production-smart-farming\/\">Innovation through precision agriculture<\/a>. <span style=\"color: #808080;\">It stands out, in this sense, for the use of technological innovations such as satellite images, remote sensing with its own drones, weather stations on the farm or tree and ground sensors. We use information and communication technologies in the field, GPS geolocation of livestock or insect monitoring. Our participation in R + D + i projects has been highlighted in that Ecology &amp; Innovation alliance that is part of our DNA.<\/span><\/p>\n<p style=\"text-align: justify;\"><img loading=\"lazy\" decoding=\"async\" class=\"aligncenter size-full wp-image-9752\" src=\"https:\/\/www.cortijoelpuerto.com\/wp-content\/uploads\/2025\/07\/RD-cortijo-el-Puerto-innovative-organic-and-biodynamic.png\" sizes=\"(max-width: 1775px) 100vw, 1775px\" srcset=\"https:\/\/www.cortijoelpuerto.com\/wp-content\/uploads\/2025\/07\/RD-cortijo-el-Puerto-innovative-organic-and-biodynamic.png 1775w, https:\/\/www.cortijoelpuerto.com\/wp-content\/uploads\/2025\/07\/RD-cortijo-el-Puerto-innovative-organic-and-biodynamic-300x129.png 300w, https:\/\/www.cortijoelpuerto.com\/wp-content\/uploads\/2025\/07\/RD-cortijo-el-Puerto-innovative-organic-and-biodynamic-768x330.png 768w, https:\/\/www.cortijoelpuerto.com\/wp-content\/uploads\/2025\/07\/RD-cortijo-el-Puerto-innovative-organic-and-biodynamic-1024x440.png 1024w, https:\/\/www.cortijoelpuerto.com\/wp-content\/uploads\/2025\/07\/RD-cortijo-el-Puerto-innovative-organic-and-biodynamic-1080x464.png 1080w\" alt=\"R&amp;D cortijo el Puerto innovative organic and biodynamic\" width=\"1775\" height=\"762\" \/><\/p>\n<div id=\"tw-target-text-container\" class=\"tw-ta-container hide-focus-ring tw-nfl\" style=\"text-align: justify;\" tabindex=\"0\">\n<p id=\"tw-target-text\" class=\"tw-data-text tw-text-large XcVN5d tw-ta\" dir=\"ltr\" data-placeholder=\"Translation\"><span lang=\"en\" style=\"color: #808080;\">We work with a global concept in the innovation of organic agriculture and livestock, a commitment to rich and balanced ecosystems. We defend green, local and stable employment.<\/span><\/p>\n<p dir=\"ltr\" data-placeholder=\"Translation\"><img loading=\"lazy\" decoding=\"async\" class=\"aligncenter size-full wp-image-11118\" src=\"https:\/\/www.cortijoelpuerto.com\/wp-content\/uploads\/2025\/06\/Cortijo-el-Puerto-Cuadrilla-verde2.jpeg\" alt=\"\" width=\"426\" height=\"640\" \/><\/p>\n<\/div>\n<p style=\"text-align: justify;\"><span style=\"color: #808080;\">Happy and grateful, this award means a lot to us, <span class=\"tag_e\"><span class=\"tag_t\">acknowledgement and credit to<\/span><\/span> our work philosophy, project and product.<\/span><\/p>\n<p style=\"text-align: justify;\"><img loading=\"lazy\" decoding=\"async\" class=\"aligncenter size-full wp-image-11110\" src=\"https:\/\/www.cortijoelpuerto.com\/wp-content\/uploads\/2025\/06\/Serg_Premio-alimentos-de-espana-202_IngeOliva_Cortijo-el-Puerto_-produccion-ecologica.png\" alt=\"Premio alimentos de espa\u00f1a 2020_IngeOliva_Cortijo el Puerto_ producci\u00f3n ecol\u00f3gica\" width=\"1175\" height=\"628\" \/><\/p>\n<p style=\"text-align: justify;\"><span style=\"color: #808080;\">We keep on working on our Green Project that shows how 100% organic production becomes competitive and of the highest quality. On the farm, we work every day, and we reaffirm with these actions our environmental and quality commitment so that the best products reach your tables and\u00a0 we actively collaborate creating a balanced and rich ecosystem.<\/span><\/p>\n<p style=\"text-align: justify;\"><img loading=\"lazy\" decoding=\"async\" class=\"aligncenter wp-image-11126\" src=\"https:\/\/www.cortijoelpuerto.com\/wp-content\/uploads\/2025\/06\/cubiertas-vegetales-premio-alimentos-de-espana-cortijo-el-puerto.jpeg\" alt=\"cubiertas vegetales premio alimentos de espa\u00f1a cortijo el puerto\" width=\"1197\" height=\"797\" \/><\/p>\n<p id=\"tw-target-text\" class=\"tw-data-text tw-text-large XcVN5d tw-ta\" dir=\"ltr\" style=\"text-align: justify;\" data-placeholder=\"Translation\"><span lang=\"en\" style=\"color: #808080;\">Here you can see the video of the awards ceremony with best wishes to all those who support us every day.<\/span><\/p>\n<div style=\"width: 640px;\" class=\"wp-video\"><video class=\"wp-video-shortcode\" id=\"video-21331-1\" width=\"640\" height=\"360\" preload=\"metadata\" controls=\"controls\"><source type=\"video\/mp4\" src=\"https:\/\/www.cortijoelpuerto.com\/antigua\/wp-content\/uploads\/2020\/10\/VID-20-premio-alimentos-de-espana-ingeoliva-cortijo-el-puerto.mp4?_=1\" \/><a href=\"https:\/\/www.cortijoelpuerto.com\/antigua\/wp-content\/uploads\/2020\/10\/VID-20-premio-alimentos-de-espana-ingeoliva-cortijo-el-puerto.mp4\">https:\/\/www.cortijoelpuerto.com\/antigua\/wp-content\/uploads\/2020\/10\/VID-20-premio-alimentos-de-espana-ingeoliva-cortijo-el-puerto.mp4<\/a><\/video><\/div>\n<h2 style=\"text-align: justify;\"><span style=\"color: #ff6600;\"><strong>THANK YOU<\/strong><\/span><\/h2>\n<h2 style=\"text-align: justify;\"><span style=\"color: #ff6600;\"><strong><img loading=\"lazy\" decoding=\"async\" class=\"aligncenter wp-image-11158 size-full\" title=\"IngeOliva Cortijo el Puerto Premio alimentos de espa\u00f1a ecol\u00f3gica\" src=\"https:\/\/www.cortijoelpuerto.com\/wp-content\/uploads\/2025\/07\/IngeOliva-Cortijo-el-Puerto-Premio-alimentos-de-espana-ecologica-scaled.jpg\" alt=\"IngeOliva Cortijo el Puerto Premio alimentos de espa\u00f1a ecol\u00f3gica\" width=\"2560\" height=\"1707\" \/><\/strong><\/span><\/h2>\n","protected":false},"excerpt":{"rendered":"<p>Emotional \u00abALIMENTOS DE ESPA\u00d1A AWARD\u00bb ceremony, a fundamental milestone in our young company, IngeOliva-Cortijo el Puerto, awarded in the Organic Production category.<\/p>\n<p>On October 22 in Madrid it took place with a limited capacity due to health restrictions. The event, chaired by the Minister of Agriculture, Fisheries and Food (Ministerio de Agricultura, Pesca y Alimentaci\u00f3n), Luis Planas, and led by Sergio Sauca, performed the ceremony for the delivery of the XXXII Food Awards of Spain, aimed at rewarding those who represent the best of all that is good, the excellence in our country in the field of food and gastronomy.<\/p>\n","protected":false},"author":1,"featured_media":19753,"comment_status":"closed","ping_status":"closed","sticky":false,"template":"","format":"standard","meta":{"_et_pb_use_builder":"","_et_pb_old_content":"","_et_gb_content_width":"","footnotes":""},"categories":[514,505,499],"tags":[675,500,609,601,624,584,663,672,631,673,570,674,613,575,511,504,664],"class_list":["post-21331","post","type-post","status-publish","format-standard","has-post-thumbnail","hentry","category-committed-to-the-environment","category-innovation-and-precision-agriculture","category-news-and-events","tag-alimentos-de-espana-awards","tag-awards","tag-biodynamic-extra-virgin-olive-oil","tag-biodynamic-farm-spain","tag-bioindicators","tag-certified-organic-livestock","tag-demeter-biodynamic-agriculture-cortijo-el-puerto","tag-fisheries-and-food","tag-healthy-food","tag-luis-planas","tag-mediterranean-diet","tag-minister-of-agriculture","tag-organic-biodynamic-extra-virgin-olive-oil-arbosana-variety-cortjo-el-puerto","tag-organic-certified-almod-tree-in-hedgrow-system-cortijo-el-puerto","tag-organic-olive-grove-innovation-for-quality-and-health","tag-precision-agriculture-in-organic-production","tag-smart-organic-farming-4-0-cortijo-el-puerto"],"yoast_head":"<!-- This site is optimized with the Yoast SEO plugin v27.4 - https:\/\/yoast.com\/product\/yoast-seo-wordpress\/ -->\n<title>\u201cAlimentos de Espa\u00f1a\u201d Awards Ceremony: IngeOliva Cortijo el Puerto Organic Production Award - Cortijo el Puerto 100% Ecol\u00f3gico y Biodin\u00e1mico<\/title>\n<meta name=\"robots\" content=\"index, follow, max-snippet:-1, max-image-preview:large, max-video-preview:-1\" \/>\n<link rel=\"canonical\" href=\"https:\/\/www.cortijoelpuerto.com\/en\/alimentos-de-espana-awards-ceremony-ingeoliva-cortijo-el-puerto-organic-production-award\/\" \/>\n<meta property=\"og:locale\" content=\"en_US\" \/>\n<meta property=\"og:type\" content=\"article\" \/>\n<meta property=\"og:title\" content=\"\u201cAlimentos de Espa\u00f1a\u201d Awards Ceremony: IngeOliva Cortijo el Puerto Organic Production Award - Cortijo el Puerto 100% Ecol\u00f3gico y Biodin\u00e1mico\" \/>\n<meta property=\"og:description\" content=\"Emotional \u00abALIMENTOS DE ESPA\u00d1A AWARD\u00bb ceremony, a fundamental milestone in our young company, IngeOliva-Cortijo el Puerto, awarded in the Organic Production category. On October 22 in Madrid it took place with a limited capacity due to health restrictions. The event, chaired by the Minister of Agriculture, Fisheries and Food (Ministerio de Agricultura, Pesca y Alimentaci\u00f3n), Luis Planas, and led by Sergio Sauca, performed the ceremony for the delivery of the XXXII Food Awards of Spain, aimed at rewarding those who represent the best of all that is good, the excellence in our country in the field of food and gastronomy.\" \/>\n<meta property=\"og:url\" content=\"https:\/\/www.cortijoelpuerto.com\/en\/alimentos-de-espana-awards-ceremony-ingeoliva-cortijo-el-puerto-organic-production-award\/\" \/>\n<meta property=\"og:site_name\" content=\"Cortijo el Puerto 100% Ecol\u00f3gico y Biodin\u00e1mico\" \/>\n<meta property=\"article:published_time\" content=\"2020-10-26T14:41:50+00:00\" \/>\n<meta property=\"article:modified_time\" content=\"2025-07-01T09:04:55+00:00\" \/>\n<meta property=\"og:image\" content=\"https:\/\/www.cortijoelpuerto.com\/wp-content\/uploads\/2025\/06\/Premio-alimentos-de-espana-202_IngeOliva_Cortijo-el-Puerto_-produccion-ecologica_QQ.png\" \/>\n\t<meta property=\"og:image:width\" content=\"1235\" \/>\n\t<meta property=\"og:image:height\" content=\"638\" \/>\n\t<meta property=\"og:image:type\" content=\"image\/png\" \/>\n<meta name=\"author\" content=\"cortpuertadmin\" \/>\n<meta name=\"twitter:card\" content=\"summary_large_image\" \/>\n<meta name=\"twitter:label1\" content=\"Written by\" \/>\n\t<meta name=\"twitter:data1\" content=\"cortpuertadmin\" \/>\n\t<meta name=\"twitter:label2\" content=\"Est. reading time\" \/>\n\t<meta name=\"twitter:data2\" content=\"3 minutes\" \/>\n<script type=\"application\/ld+json\" class=\"yoast-schema-graph\">{\"@context\":\"https:\\\/\\\/schema.org\",\"@graph\":[{\"@type\":\"Article\",\"@id\":\"https:\\\/\\\/www.cortijoelpuerto.com\\\/en\\\/alimentos-de-espana-awards-ceremony-ingeoliva-cortijo-el-puerto-organic-production-award\\\/#article\",\"isPartOf\":{\"@id\":\"https:\\\/\\\/www.cortijoelpuerto.com\\\/en\\\/alimentos-de-espana-awards-ceremony-ingeoliva-cortijo-el-puerto-organic-production-award\\\/\"},\"author\":{\"name\":\"cortpuertadmin\",\"@id\":\"https:\\\/\\\/www.cortijoelpuerto.com\\\/en\\\/#\\\/schema\\\/person\\\/73ba7185813001a8d176886f4153ca2d\"},\"headline\":\"\u201cAlimentos de Espa\u00f1a\u201d Awards Ceremony: IngeOliva Cortijo el Puerto Organic Production Award\",\"datePublished\":\"2020-10-26T14:41:50+00:00\",\"dateModified\":\"2025-07-01T09:04:55+00:00\",\"mainEntityOfPage\":{\"@id\":\"https:\\\/\\\/www.cortijoelpuerto.com\\\/en\\\/alimentos-de-espana-awards-ceremony-ingeoliva-cortijo-el-puerto-organic-production-award\\\/\"},\"wordCount\":653,\"image\":{\"@id\":\"https:\\\/\\\/www.cortijoelpuerto.com\\\/en\\\/alimentos-de-espana-awards-ceremony-ingeoliva-cortijo-el-puerto-organic-production-award\\\/#primaryimage\"},\"thumbnailUrl\":\"https:\\\/\\\/www.cortijoelpuerto.com\\\/wp-content\\\/uploads\\\/2025\\\/06\\\/Premio-alimentos-de-espana-202_IngeOliva_Cortijo-el-Puerto_-produccion-ecologica_QQ.png\",\"keywords\":[\"\u201cAlimentos de Espa\u00f1a\u201d Awards\",\"AWARDS\",\"biodynamic extra virgin olive oil\",\"Biodynamic farm Spain\",\"bioindicators\",\"Certified Organic Livestock\",\"Demeter Biodynamic Agriculture Cortijo el Puerto\",\"Fisheries and Food\",\"Healthy Food\",\"Luis Planas\",\"Mediterranean Diet\",\"Minister of Agriculture\",\"Organic &amp; Biodynamic Extra Virgin Olive Oil Arbosana variety Cortjo el Puerto\",\"Organic certified Almod tree in hedgrow system Cortijo el Puerto\",\"Organic Olive Grove: Innovation for Quality and Health\",\"Precision Agriculture in Organic Production\",\"smart organic farming 4.0 Cortijo el Puerto\"],\"articleSection\":[\"COMMITTED TO THE ENVIRONMENT\",\"INNOVATION AND PRECISION AGRICULTURE\",\"NEWS AND EVENTS\"],\"inLanguage\":\"en-US\"},{\"@type\":\"WebPage\",\"@id\":\"https:\\\/\\\/www.cortijoelpuerto.com\\\/en\\\/alimentos-de-espana-awards-ceremony-ingeoliva-cortijo-el-puerto-organic-production-award\\\/\",\"url\":\"https:\\\/\\\/www.cortijoelpuerto.com\\\/en\\\/alimentos-de-espana-awards-ceremony-ingeoliva-cortijo-el-puerto-organic-production-award\\\/\",\"name\":\"\u201cAlimentos de Espa\u00f1a\u201d Awards Ceremony: IngeOliva Cortijo el Puerto Organic Production Award - Cortijo el Puerto 100% Ecol\u00f3gico y Biodin\u00e1mico\",\"isPartOf\":{\"@id\":\"https:\\\/\\\/www.cortijoelpuerto.com\\\/en\\\/#website\"},\"primaryImageOfPage\":{\"@id\":\"https:\\\/\\\/www.cortijoelpuerto.com\\\/en\\\/alimentos-de-espana-awards-ceremony-ingeoliva-cortijo-el-puerto-organic-production-award\\\/#primaryimage\"},\"image\":{\"@id\":\"https:\\\/\\\/www.cortijoelpuerto.com\\\/en\\\/alimentos-de-espana-awards-ceremony-ingeoliva-cortijo-el-puerto-organic-production-award\\\/#primaryimage\"},\"thumbnailUrl\":\"https:\\\/\\\/www.cortijoelpuerto.com\\\/wp-content\\\/uploads\\\/2025\\\/06\\\/Premio-alimentos-de-espana-202_IngeOliva_Cortijo-el-Puerto_-produccion-ecologica_QQ.png\",\"datePublished\":\"2020-10-26T14:41:50+00:00\",\"dateModified\":\"2025-07-01T09:04:55+00:00\",\"author\":{\"@id\":\"https:\\\/\\\/www.cortijoelpuerto.com\\\/en\\\/#\\\/schema\\\/person\\\/73ba7185813001a8d176886f4153ca2d\"},\"breadcrumb\":{\"@id\":\"https:\\\/\\\/www.cortijoelpuerto.com\\\/en\\\/alimentos-de-espana-awards-ceremony-ingeoliva-cortijo-el-puerto-organic-production-award\\\/#breadcrumb\"},\"inLanguage\":\"en-US\",\"potentialAction\":[{\"@type\":\"ReadAction\",\"target\":[\"https:\\\/\\\/www.cortijoelpuerto.com\\\/en\\\/alimentos-de-espana-awards-ceremony-ingeoliva-cortijo-el-puerto-organic-production-award\\\/\"]}]},{\"@type\":\"ImageObject\",\"inLanguage\":\"en-US\",\"@id\":\"https:\\\/\\\/www.cortijoelpuerto.com\\\/en\\\/alimentos-de-espana-awards-ceremony-ingeoliva-cortijo-el-puerto-organic-production-award\\\/#primaryimage\",\"url\":\"https:\\\/\\\/www.cortijoelpuerto.com\\\/wp-content\\\/uploads\\\/2025\\\/06\\\/Premio-alimentos-de-espana-202_IngeOliva_Cortijo-el-Puerto_-produccion-ecologica_QQ.png\",\"contentUrl\":\"https:\\\/\\\/www.cortijoelpuerto.com\\\/wp-content\\\/uploads\\\/2025\\\/06\\\/Premio-alimentos-de-espana-202_IngeOliva_Cortijo-el-Puerto_-produccion-ecologica_QQ.png\",\"width\":1235,\"height\":638},{\"@type\":\"BreadcrumbList\",\"@id\":\"https:\\\/\\\/www.cortijoelpuerto.com\\\/en\\\/alimentos-de-espana-awards-ceremony-ingeoliva-cortijo-el-puerto-organic-production-award\\\/#breadcrumb\",\"itemListElement\":[{\"@type\":\"ListItem\",\"position\":1,\"name\":\"Portada\",\"item\":\"https:\\\/\\\/www.cortijoelpuerto.com\\\/en\\\/\"},{\"@type\":\"ListItem\",\"position\":2,\"name\":\"\u201cAlimentos de Espa\u00f1a\u201d Awards Ceremony: IngeOliva Cortijo el Puerto Organic Production Award\"}]},{\"@type\":\"WebSite\",\"@id\":\"https:\\\/\\\/www.cortijoelpuerto.com\\\/en\\\/#website\",\"url\":\"https:\\\/\\\/www.cortijoelpuerto.com\\\/en\\\/\",\"name\":\"Cortijo el Puerto 100% Ecol\u00f3gico y Biodin\u00e1mico\",\"description\":\"\",\"potentialAction\":[{\"@type\":\"SearchAction\",\"target\":{\"@type\":\"EntryPoint\",\"urlTemplate\":\"https:\\\/\\\/www.cortijoelpuerto.com\\\/en\\\/?s={search_term_string}\"},\"query-input\":{\"@type\":\"PropertyValueSpecification\",\"valueRequired\":true,\"valueName\":\"search_term_string\"}}],\"inLanguage\":\"en-US\"},{\"@type\":\"Person\",\"@id\":\"https:\\\/\\\/www.cortijoelpuerto.com\\\/en\\\/#\\\/schema\\\/person\\\/73ba7185813001a8d176886f4153ca2d\",\"name\":\"cortpuertadmin\",\"image\":{\"@type\":\"ImageObject\",\"inLanguage\":\"en-US\",\"@id\":\"https:\\\/\\\/secure.gravatar.com\\\/avatar\\\/5d655c060725b194267bd40743963013959f94651381febb318b850a1e023ca8?s=96&d=mm&r=g\",\"url\":\"https:\\\/\\\/secure.gravatar.com\\\/avatar\\\/5d655c060725b194267bd40743963013959f94651381febb318b850a1e023ca8?s=96&d=mm&r=g\",\"contentUrl\":\"https:\\\/\\\/secure.gravatar.com\\\/avatar\\\/5d655c060725b194267bd40743963013959f94651381febb318b850a1e023ca8?s=96&d=mm&r=g\",\"caption\":\"cortpuertadmin\"},\"sameAs\":[\"https:\\\/\\\/cortijoelpuerto.com\\\/nuevaweb\"],\"url\":\"https:\\\/\\\/www.cortijoelpuerto.com\\\/en\\\/author\\\/cortpuertadmin\\\/\"}]}<\/script>\n<!-- \/ Yoast SEO plugin. -->","yoast_head_json":{"title":"\u201cAlimentos de Espa\u00f1a\u201d Awards Ceremony: IngeOliva Cortijo el Puerto Organic Production Award - Cortijo el Puerto 100% Ecol\u00f3gico y Biodin\u00e1mico","robots":{"index":"index","follow":"follow","max-snippet":"max-snippet:-1","max-image-preview":"max-image-preview:large","max-video-preview":"max-video-preview:-1"},"canonical":"https:\/\/www.cortijoelpuerto.com\/en\/alimentos-de-espana-awards-ceremony-ingeoliva-cortijo-el-puerto-organic-production-award\/","og_locale":"en_US","og_type":"article","og_title":"\u201cAlimentos de Espa\u00f1a\u201d Awards Ceremony: IngeOliva Cortijo el Puerto Organic Production Award - Cortijo el Puerto 100% Ecol\u00f3gico y Biodin\u00e1mico","og_description":"Emotional \u00abALIMENTOS DE ESPA\u00d1A AWARD\u00bb ceremony, a fundamental milestone in our young company, IngeOliva-Cortijo el Puerto, awarded in the Organic Production category. On October 22 in Madrid it took place with a limited capacity due to health restrictions. The event, chaired by the Minister of Agriculture, Fisheries and Food (Ministerio de Agricultura, Pesca y Alimentaci\u00f3n), Luis Planas, and led by Sergio Sauca, performed the ceremony for the delivery of the XXXII Food Awards of Spain, aimed at rewarding those who represent the best of all that is good, the excellence in our country in the field of food and gastronomy.","og_url":"https:\/\/www.cortijoelpuerto.com\/en\/alimentos-de-espana-awards-ceremony-ingeoliva-cortijo-el-puerto-organic-production-award\/","og_site_name":"Cortijo el Puerto 100% Ecol\u00f3gico y Biodin\u00e1mico","article_published_time":"2020-10-26T14:41:50+00:00","article_modified_time":"2025-07-01T09:04:55+00:00","og_image":[{"width":1235,"height":638,"url":"https:\/\/www.cortijoelpuerto.com\/wp-content\/uploads\/2025\/06\/Premio-alimentos-de-espana-202_IngeOliva_Cortijo-el-Puerto_-produccion-ecologica_QQ.png","type":"image\/png"}],"author":"cortpuertadmin","twitter_card":"summary_large_image","twitter_misc":{"Written by":"cortpuertadmin","Est. reading time":"3 minutes"},"schema":{"@context":"https:\/\/schema.org","@graph":[{"@type":"Article","@id":"https:\/\/www.cortijoelpuerto.com\/en\/alimentos-de-espana-awards-ceremony-ingeoliva-cortijo-el-puerto-organic-production-award\/#article","isPartOf":{"@id":"https:\/\/www.cortijoelpuerto.com\/en\/alimentos-de-espana-awards-ceremony-ingeoliva-cortijo-el-puerto-organic-production-award\/"},"author":{"name":"cortpuertadmin","@id":"https:\/\/www.cortijoelpuerto.com\/en\/#\/schema\/person\/73ba7185813001a8d176886f4153ca2d"},"headline":"\u201cAlimentos de Espa\u00f1a\u201d Awards Ceremony: IngeOliva Cortijo el Puerto Organic Production Award","datePublished":"2020-10-26T14:41:50+00:00","dateModified":"2025-07-01T09:04:55+00:00","mainEntityOfPage":{"@id":"https:\/\/www.cortijoelpuerto.com\/en\/alimentos-de-espana-awards-ceremony-ingeoliva-cortijo-el-puerto-organic-production-award\/"},"wordCount":653,"image":{"@id":"https:\/\/www.cortijoelpuerto.com\/en\/alimentos-de-espana-awards-ceremony-ingeoliva-cortijo-el-puerto-organic-production-award\/#primaryimage"},"thumbnailUrl":"https:\/\/www.cortijoelpuerto.com\/wp-content\/uploads\/2025\/06\/Premio-alimentos-de-espana-202_IngeOliva_Cortijo-el-Puerto_-produccion-ecologica_QQ.png","keywords":["\u201cAlimentos de Espa\u00f1a\u201d Awards","AWARDS","biodynamic extra virgin olive oil","Biodynamic farm Spain","bioindicators","Certified Organic Livestock","Demeter Biodynamic Agriculture Cortijo el Puerto","Fisheries and Food","Healthy Food","Luis Planas","Mediterranean Diet","Minister of Agriculture","Organic &amp; Biodynamic Extra Virgin Olive Oil Arbosana variety Cortjo el Puerto","Organic certified Almod tree in hedgrow system Cortijo el Puerto","Organic Olive Grove: Innovation for Quality and Health","Precision Agriculture in Organic Production","smart organic farming 4.0 Cortijo el Puerto"],"articleSection":["COMMITTED TO THE ENVIRONMENT","INNOVATION AND PRECISION AGRICULTURE","NEWS AND EVENTS"],"inLanguage":"en-US"},{"@type":"WebPage","@id":"https:\/\/www.cortijoelpuerto.com\/en\/alimentos-de-espana-awards-ceremony-ingeoliva-cortijo-el-puerto-organic-production-award\/","url":"https:\/\/www.cortijoelpuerto.com\/en\/alimentos-de-espana-awards-ceremony-ingeoliva-cortijo-el-puerto-organic-production-award\/","name":"\u201cAlimentos de Espa\u00f1a\u201d Awards Ceremony: IngeOliva Cortijo el Puerto Organic Production Award - Cortijo el Puerto 100% Ecol\u00f3gico y Biodin\u00e1mico","isPartOf":{"@id":"https:\/\/www.cortijoelpuerto.com\/en\/#website"},"primaryImageOfPage":{"@id":"https:\/\/www.cortijoelpuerto.com\/en\/alimentos-de-espana-awards-ceremony-ingeoliva-cortijo-el-puerto-organic-production-award\/#primaryimage"},"image":{"@id":"https:\/\/www.cortijoelpuerto.com\/en\/alimentos-de-espana-awards-ceremony-ingeoliva-cortijo-el-puerto-organic-production-award\/#primaryimage"},"thumbnailUrl":"https:\/\/www.cortijoelpuerto.com\/wp-content\/uploads\/2025\/06\/Premio-alimentos-de-espana-202_IngeOliva_Cortijo-el-Puerto_-produccion-ecologica_QQ.png","datePublished":"2020-10-26T14:41:50+00:00","dateModified":"2025-07-01T09:04:55+00:00","author":{"@id":"https:\/\/www.cortijoelpuerto.com\/en\/#\/schema\/person\/73ba7185813001a8d176886f4153ca2d"},"breadcrumb":{"@id":"https:\/\/www.cortijoelpuerto.com\/en\/alimentos-de-espana-awards-ceremony-ingeoliva-cortijo-el-puerto-organic-production-award\/#breadcrumb"},"inLanguage":"en-US","potentialAction":[{"@type":"ReadAction","target":["https:\/\/www.cortijoelpuerto.com\/en\/alimentos-de-espana-awards-ceremony-ingeoliva-cortijo-el-puerto-organic-production-award\/"]}]},{"@type":"ImageObject","inLanguage":"en-US","@id":"https:\/\/www.cortijoelpuerto.com\/en\/alimentos-de-espana-awards-ceremony-ingeoliva-cortijo-el-puerto-organic-production-award\/#primaryimage","url":"https:\/\/www.cortijoelpuerto.com\/wp-content\/uploads\/2025\/06\/Premio-alimentos-de-espana-202_IngeOliva_Cortijo-el-Puerto_-produccion-ecologica_QQ.png","contentUrl":"https:\/\/www.cortijoelpuerto.com\/wp-content\/uploads\/2025\/06\/Premio-alimentos-de-espana-202_IngeOliva_Cortijo-el-Puerto_-produccion-ecologica_QQ.png","width":1235,"height":638},{"@type":"BreadcrumbList","@id":"https:\/\/www.cortijoelpuerto.com\/en\/alimentos-de-espana-awards-ceremony-ingeoliva-cortijo-el-puerto-organic-production-award\/#breadcrumb","itemListElement":[{"@type":"ListItem","position":1,"name":"Portada","item":"https:\/\/www.cortijoelpuerto.com\/en\/"},{"@type":"ListItem","position":2,"name":"\u201cAlimentos de Espa\u00f1a\u201d Awards Ceremony: IngeOliva Cortijo el Puerto Organic Production Award"}]},{"@type":"WebSite","@id":"https:\/\/www.cortijoelpuerto.com\/en\/#website","url":"https:\/\/www.cortijoelpuerto.com\/en\/","name":"Cortijo el Puerto 100% Ecol\u00f3gico y Biodin\u00e1mico","description":"","potentialAction":[{"@type":"SearchAction","target":{"@type":"EntryPoint","urlTemplate":"https:\/\/www.cortijoelpuerto.com\/en\/?s={search_term_string}"},"query-input":{"@type":"PropertyValueSpecification","valueRequired":true,"valueName":"search_term_string"}}],"inLanguage":"en-US"},{"@type":"Person","@id":"https:\/\/www.cortijoelpuerto.com\/en\/#\/schema\/person\/73ba7185813001a8d176886f4153ca2d","name":"cortpuertadmin","image":{"@type":"ImageObject","inLanguage":"en-US","@id":"https:\/\/secure.gravatar.com\/avatar\/5d655c060725b194267bd40743963013959f94651381febb318b850a1e023ca8?s=96&d=mm&r=g","url":"https:\/\/secure.gravatar.com\/avatar\/5d655c060725b194267bd40743963013959f94651381febb318b850a1e023ca8?s=96&d=mm&r=g","contentUrl":"https:\/\/secure.gravatar.com\/avatar\/5d655c060725b194267bd40743963013959f94651381febb318b850a1e023ca8?s=96&d=mm&r=g","caption":"cortpuertadmin"},"sameAs":["https:\/\/cortijoelpuerto.com\/nuevaweb"],"url":"https:\/\/www.cortijoelpuerto.com\/en\/author\/cortpuertadmin\/"}]}},"_links":{"self":[{"href":"https:\/\/www.cortijoelpuerto.com\/en\/wp-json\/wp\/v2\/posts\/21331","targetHints":{"allow":["GET"]}}],"collection":[{"href":"https:\/\/www.cortijoelpuerto.com\/en\/wp-json\/wp\/v2\/posts"}],"about":[{"href":"https:\/\/www.cortijoelpuerto.com\/en\/wp-json\/wp\/v2\/types\/post"}],"author":[{"embeddable":true,"href":"https:\/\/www.cortijoelpuerto.com\/en\/wp-json\/wp\/v2\/users\/1"}],"replies":[{"embeddable":true,"href":"https:\/\/www.cortijoelpuerto.com\/en\/wp-json\/wp\/v2\/comments?post=21331"}],"version-history":[{"count":0,"href":"https:\/\/www.cortijoelpuerto.com\/en\/wp-json\/wp\/v2\/posts\/21331\/revisions"}],"wp:featuredmedia":[{"embeddable":true,"href":"https:\/\/www.cortijoelpuerto.com\/en\/wp-json\/wp\/v2\/media\/19753"}],"wp:attachment":[{"href":"https:\/\/www.cortijoelpuerto.com\/en\/wp-json\/wp\/v2\/media?parent=21331"}],"wp:term":[{"taxonomy":"category","embeddable":true,"href":"https:\/\/www.cortijoelpuerto.com\/en\/wp-json\/wp\/v2\/categories?post=21331"},{"taxonomy":"post_tag","embeddable":true,"href":"https:\/\/www.cortijoelpuerto.com\/en\/wp-json\/wp\/v2\/tags?post=21331"}],"curies":[{"name":"wp","href":"https:\/\/api.w.org\/{rel}","templated":true}]}}